{"id":466,"date":"2005-02-15T15:55:57","date_gmt":"2005-02-15T13:55:57","guid":{"rendered":"http:\/\/www.nachdenkseiten.de\/v2\/?p=466"},"modified":"2016-03-19T11:22:52","modified_gmt":"2016-03-19T10:22:52","slug":"der-oekonom-ronald-schettkat-plaediert-fuer-eine-belebung-der-binnennachfrage-durch-eine-expansive-finanzpolitik-und-kritisiert-die-anekdotische-evidenz-des-neu-klassischen-modells","status":"publish","type":"post","link":"https:\/\/www.nachdenkseiten.de\/?p=466","title":{"rendered":"Der \u00d6konom Ronald Schettkat pl\u00e4diert f\u00fcr eine Belebung der Binnennachfrage durch eine expansive Finanzpolitik und kritisiert die \u201eanekdotische Evidenz\u201c des \u201eneu-klassischen\u201c Modells"},"content":{"rendered":"<p>Unter der &Uuml;berschrift &bdquo;Deutschland zehrt von seiner Substanz&ldquo; dokumentiert die Frankfurter Rundschau eine Abrechnung des international renommierten Professors f&uuml;r Wirtschaftspolitik mit dem eindimensionalen Preisstabilit&auml;tsdenken von Bundesbank und Europ&auml;ischer Zentralbank. Schettkat kritisiert weiter, dass sowohl der Sachverst&auml;ndigenrat, als auch die EZB, die OECD oder der IMF als &bdquo;einzige L&ouml;sung&ldquo; f&uuml;r das Besch&auml;ftigungsproblem ausschlie&szlig;lich &bdquo;Strukturreformen des Arbeitsmarktes&ldquo; anb&ouml;ten. Unter amerikanischen &Ouml;konomen f&auml;nden die bei uns als alternativlos dargestellten &bdquo;theoretischen Positionen der neuklassischen Makro&ouml;konomie&hellip;nur noch wenige Anh&auml;nger&ldquo;; durch praktische Erfahrungen seien deren &bdquo;extreme Annahmen&ldquo; &uuml;ber die Funktionsf&auml;higkeit von M&auml;rkten ohnehin kaum gest&uuml;tzt. Nichts spreche gegen einen binnenwirtschaftlich initiierten Impuls. Durch Sparen und eine Reduktion der &ouml;ffentlichen Leistungen lie&szlig;e sich jedenfalls das &ouml;ffentliche Defizit in einer Stagnation nicht vermindern, sondern werde nur festgeschrieben, zu Lasten von Einkommen und Jobs, res&uuml;miert Schettkat.<\/p><p>Quelle: <a href=\"http:\/\/www.fr-aktuell.de\/ressorts\/nachrichten_und_politik\/dokumentation\/?cnt=628435\" title=\"Externer Link zu http:\/\/www.fr-aktuell.de\/ressorts\/nachrichten_und_politik\/dokumentation\/?cnt=628435\">FR &raquo;<\/a><\/p>\n","protected":false},"excerpt":{"rendered":"<p>Unter der &Uuml;berschrift &bdquo;Deutschland zehrt von seiner Substanz&ldquo; dokumentiert die Frankfurter Rundschau eine Abrechnung des international renommierten Professors f&uuml;r Wirtschaftspolitik mit dem eindimensionalen Preisstabilit&auml;tsdenken von Bundesbank und Europ&auml;ischer Zentralbank. Schettkat kritisiert weiter, dass sowohl der Sachverst&auml;ndigenrat, als auch die EZB, die OECD oder der IMF als &bdquo;einzige L&ouml;sung&ldquo; f&uuml;r das Besch&auml;ftigungsproblem ausschlie&szlig;lich &bdquo;Strukturreformen des Arbeitsmarktes&ldquo;<\/p>\n<div class=\"readMore\"><a class=\"moretag\" href=\"https:\/\/www.nachdenkseiten.de\/?p=466\">Weiterlesen<\/a><\/div>\n","protected":false},"author":3,"featured_media":0,"comment_status":"closed","ping_status":"open","sticky":false,"template":"","format":"standard","meta":{"spay_email":"","footnotes":""},"categories":[35,135,30],"tags":[423,365,312],"class_list":["post-466","post","type-post","status-publish","format-standard","hentry","category-aufbau-gegenoeffentlichkeit","category-finanzpolitik","category-wirtschaftspoliik-und-konjunktur","tag-austeritaetspolitik","tag-inflation","tag-reformpolitik"],"jetpack_featured_media_url":"","_links":{"self":[{"href":"https:\/\/www.nachdenkseiten.de\/index.php?rest_route=\/wp\/v2\/posts\/466","targetHints":{"allow":["GET"]}}],"collection":[{"href":"https:\/\/www.nachdenkseiten.de\/index.php?rest_route=\/wp\/v2\/posts"}],"about":[{"href":"https:\/\/www.nachdenkseiten.de\/index.php?rest_route=\/wp\/v2\/types\/post"}],"author":[{"embeddable":true,"href":"https:\/\/www.nachdenkseiten.de\/index.php?rest_route=\/wp\/v2\/users\/3"}],"replies":[{"embeddable":true,"href":"https:\/\/www.nachdenkseiten.de\/index.php?rest_route=%2Fwp%2Fv2%2Fcomments&post=466"}],"version-history":[{"count":1,"href":"https:\/\/www.nachdenkseiten.de\/index.php?rest_route=\/wp\/v2\/posts\/466\/revisions"}],"predecessor-version":[{"id":32291,"href":"https:\/\/www.nachdenkseiten.de\/index.php?rest_route=\/wp\/v2\/posts\/466\/revisions\/32291"}],"wp:attachment":[{"href":"https:\/\/www.nachdenkseiten.de\/index.php?rest_route=%2Fwp%2Fv2%2Fmedia&parent=466"}],"wp:term":[{"taxonomy":"category","embeddable":true,"href":"https:\/\/www.nachdenkseiten.de\/index.php?rest_route=%2Fwp%2Fv2%2Fcategories&post=466"},{"taxonomy":"post_tag","embeddable":true,"href":"https:\/\/www.nachdenkseiten.de\/index.php?rest_route=%2Fwp%2Fv2%2Ftags&post=466"}],"curies":[{"name":"wp","href":"https:\/\/api.w.org\/{rel}","templated":true}]}}