{"id":46909,"date":"2018-11-06T09:12:06","date_gmt":"2018-11-06T08:12:06","guid":{"rendered":"https:\/\/www.nachdenkseiten.de\/?p=46909"},"modified":"2018-11-08T07:18:59","modified_gmt":"2018-11-08T06:18:59","slug":"maassen-gehoert-nicht-in-den-einstweiligen-ruhestand-ein-disziplinarverfahren-ist-faellig","status":"publish","type":"post","link":"https:\/\/www.nachdenkseiten.de\/?p=46909","title":{"rendered":"Maa\u00dfen geh\u00f6rt nicht in den einstweiligen Ruhestand, ein Disziplinarverfahren ist f\u00e4llig"},"content":{"rendered":"<p>Maa&szlig;en hat im Kreis von Geheimdienst-Kollegen in einem anderen Land die eigene Regierung angegriffen. Nicht nur das. Seine Behauptung, &ldquo;linksradikale Kr&auml;fte&rdquo; in der SPD h&auml;tten ihn als Vehikel zum Bruch der Koalition benutzt, zeugt davon, dass dieser Mann keine Ahnung von den inneren Verh&auml;ltnissen des Landes hat, dessen Verfassung er sch&uuml;tzen soll, oder extrem einseitig positioniert ist. Es gibt keine &ldquo;linksradikalen Kr&auml;fte&rdquo; in der SPD. Das m&uuml;sste er wissen. Offenbar steht er so weit am rechten Rand des Geschehens, dass er blind geworden ist f&uuml;r die politischen Verh&auml;ltnisse im Land. Oder er wollte mit seiner Rede in Warschau die Versetzung in den einstweiligen Ruhestand provozieren. Beides geht nicht und verlangt disziplinarische Ma&szlig;nahmen statt der besoldeten Verabschiedung. <strong>Albrecht M&uuml;ller<\/strong>.<\/p><p><em>Dieser Beitrag ist auch als Audio-Podcast verf&uuml;gbar.<\/em><br>\n<!--more--><br>\n<\/p><div class=\"powerpress_player\" id=\"powerpress_player_4132\"><!--[if lt IE 9]><script>document.createElement('audio');<\/script><![endif]-->\n<audio class=\"wp-audio-shortcode\" id=\"audio-46909-1\" preload=\"none\" style=\"width: 100%;\" controls=\"controls\"><source type=\"audio\/mpeg\" src=\"http:\/\/www.nachdenkseiten.de\/upload\/podcast\/181107_Maassen_gehoert_nicht_in_den_einstweiligen_Ruhestand_NDS.mp3?_=1\"><\/source><a href=\"http:\/\/www.nachdenkseiten.de\/upload\/podcast\/181107_Maassen_gehoert_nicht_in_den_einstweiligen_Ruhestand_NDS.mp3\">http:\/\/www.nachdenkseiten.de\/upload\/podcast\/181107_Maassen_gehoert_nicht_in_den_einstweiligen_Ruhestand_NDS.mp3<\/a><\/audio><\/div><p class=\"powerpress_links powerpress_links_mp3\">Podcast: <a href=\"http:\/\/www.nachdenkseiten.de\/upload\/podcast\/181107_Maassen_gehoert_nicht_in_den_einstweiligen_Ruhestand_NDS.mp3\" class=\"powerpress_link_pinw\" target=\"_blank\" title=\"Play in new window\" onclick=\"return powerpress_pinw('https:\/\/www.nachdenkseiten.de\/?powerpress_pinw=46909-podcast');\" rel=\"nofollow\">Play in new window<\/a> | <a href=\"http:\/\/www.nachdenkseiten.de\/upload\/podcast\/181107_Maassen_gehoert_nicht_in_den_einstweiligen_Ruhestand_NDS.mp3\" class=\"powerpress_link_d\" title=\"Download\" rel=\"nofollow\" download=\"181107_Maassen_gehoert_nicht_in_den_einstweiligen_Ruhestand_NDS.mp3\">Download<\/a><\/p><p>Es ist schon seltsam: In der &ouml;ffentlichen Debatte um die Person Maa&szlig;en und die verschiedenen Vorg&auml;nge von der Einsch&auml;tzung der Vorg&auml;nge in Chemnitz bis zur Rede in Warschau wird nicht einmal andeutungsweise verlangt, dass wenigstens gepr&uuml;ft wird, ob in einem solchen Fall disziplinarische Ma&szlig;nahmen f&auml;llig sind statt der f&uuml;r Maa&szlig;en bequemen Entlassung in den einstweiligen Ruhestand, verbunden mit hohen Bez&uuml;gen. Nichts davon, keine Debatte in der &Ouml;ffentlichkeit, keine Erw&auml;gung dieser Art beim Bundesinnenminister und der Bundesregierung.<\/p><p>Warum nicht? Hat Maa&szlig;en, bedingt durch sein Amt als Pr&auml;sident des Bundesverfassungsschutzes, Informationen und Dossiers, mit denen er im Ernstfall die entscheidenden Personen erpressen kann?<\/p>\n","protected":false},"excerpt":{"rendered":"<p>Maa&szlig;en hat im Kreis von Geheimdienst-Kollegen in einem anderen Land die eigene Regierung angegriffen. Nicht nur das. Seine Behauptung, &ldquo;linksradikale Kr&auml;fte&rdquo; in der SPD h&auml;tten ihn als Vehikel zum Bruch der Koalition benutzt, zeugt davon, dass dieser Mann keine Ahnung von den inneren Verh&auml;ltnissen des Landes hat, dessen Verfassung er sch&uuml;tzen soll, oder extrem einseitig<\/p>\n<div class=\"readMore\"><a class=\"moretag\" href=\"https:\/\/www.nachdenkseiten.de\/?p=46909\">Weiterlesen<\/a><\/div>\n","protected":false},"author":2,"featured_media":0,"comment_status":"closed","ping_status":"closed","sticky":false,"template":"","format":"standard","meta":{"spay_email":"","footnotes":""},"categories":[107,123,185],"tags":[901,1260,2438],"class_list":["post-46909","post","type-post","status-publish","format-standard","hentry","category-audio-podcast","category-kampagnentarnworteneusprech","category-staatsorgane","tag-geheimdienste","tag-groko","tag-maassen-hans-georg"],"jetpack_featured_media_url":"","_links":{"self":[{"href":"https:\/\/www.nachdenkseiten.de\/index.php?rest_route=\/wp\/v2\/posts\/46909","targetHints":{"allow":["GET"]}}],"collection":[{"href":"https:\/\/www.nachdenkseiten.de\/index.php?rest_route=\/wp\/v2\/posts"}],"about":[{"href":"https:\/\/www.nachdenkseiten.de\/index.php?rest_route=\/wp\/v2\/types\/post"}],"author":[{"embeddable":true,"href":"https:\/\/www.nachdenkseiten.de\/index.php?rest_route=\/wp\/v2\/users\/2"}],"replies":[{"embeddable":true,"href":"https:\/\/www.nachdenkseiten.de\/index.php?rest_route=%2Fwp%2Fv2%2Fcomments&post=46909"}],"version-history":[{"count":2,"href":"https:\/\/www.nachdenkseiten.de\/index.php?rest_route=\/wp\/v2\/posts\/46909\/revisions"}],"predecessor-version":[{"id":46944,"href":"https:\/\/www.nachdenkseiten.de\/index.php?rest_route=\/wp\/v2\/posts\/46909\/revisions\/46944"}],"wp:attachment":[{"href":"https:\/\/www.nachdenkseiten.de\/index.php?rest_route=%2Fwp%2Fv2%2Fmedia&parent=46909"}],"wp:term":[{"taxonomy":"category","embeddable":true,"href":"https:\/\/www.nachdenkseiten.de\/index.php?rest_route=%2Fwp%2Fv2%2Fcategories&post=46909"},{"taxonomy":"post_tag","embeddable":true,"href":"https:\/\/www.nachdenkseiten.de\/index.php?rest_route=%2Fwp%2Fv2%2Ftags&post=46909"}],"curies":[{"name":"wp","href":"https:\/\/api.w.org\/{rel}","templated":true}]}}