{"id":4732,"date":"2010-03-09T15:37:52","date_gmt":"2010-03-09T14:37:52","guid":{"rendered":"http:\/\/www.nachdenkseiten.de\/?p=4732"},"modified":"2014-08-07T10:12:26","modified_gmt":"2014-08-07T08:12:26","slug":"betr-nrw-dgb-nur-die-allerduemmsten-kaelber-waehlen-ihren-metzger-selber","status":"publish","type":"post","link":"https:\/\/www.nachdenkseiten.de\/?p=4732","title":{"rendered":"Betr:  NRW-DGB &#8211; &#8220;Nur die allerd\u00fcmmsten K\u00e4lber, w\u00e4hlen ihren Metzger selber&#8221;"},"content":{"rendered":"<p>Fr&uuml;her haben Gewerkschaften und ihre Stiftungen wie die Hans-B&ouml;ckler-Stiftung gelegentlich gemeinsame Sache mit der Bertelsmann Stiftung gemacht. Dann ging mit der Zeit den Gewerkschaftern ein Licht auf. Sie merkten, dass die Bertelsmann Stiftung alles andere als die Interessen von Arbeitnehmern vertritt und an der Zerst&ouml;rung wichtiger Errungenschaften der Arbeitnehmerschaft federf&uuml;hrend oder begleitend beteiligt ist. Nach und nach wurde die Kooperation beendet. <a href=\"http:\/\/www.nrw.dgb.de\/termine\/termindb\/termin_single?termid=114\">Jetzt f&auml;ngt der NRW-DGB wieder damit an.<\/a> Albrecht M&uuml;ller<br>\n<!--more--><br>\nDer DGB in NRW l&auml;dt gemeinsam mit der Bertelsmann Stiftung zu einem &bdquo;NRW-Forum Kommunalfinanzen 2010&ldquo; f&uuml;r den 18.3. ins Maritim Hotel in D&uuml;sseldorf ein. Dort geht es dann um ein Problem, das Bertelsmann mit seiner Entstaatlichungs- und Privatisierungspropaganda und -Lobbyarbeit wesentlich miterzeugt hat. Das ist ganz sch&ouml;n dreist von der Bertelsmann Stiftung und abgrundtief t&ouml;richt vom DGB NRW. So versieht man seine Gegner mit einem feinen M&auml;ntelchen. Und so f&uuml;ttert man die Gegner der Arbeitnehmerschaft.<\/p><p><strong>Wir m&ouml;chten bei den Gewerkschafterinnen\/n unter unseren Leserinnen\/n in NRW anregen, diesen strategischen Fehler ihres DGB nicht klaglos hinzunehmen.<\/strong><\/p><p>Informationen zu Bertelsmann finden sich <a href=\"?cat=27\">reihenweise<\/a> in den NachDenkSeiten und hier in einem <a href=\"?p=4721\">Beitrag von Wolfgang Lieb in &bdquo;Meinungsmache&ldquo;<\/a>.<\/p>\n","protected":false},"excerpt":{"rendered":"<p>Fr&uuml;her haben Gewerkschaften und ihre Stiftungen wie die Hans-B&ouml;ckler-Stiftung gelegentlich gemeinsame Sache mit der Bertelsmann Stiftung gemacht. Dann ging mit der Zeit den Gewerkschaftern ein Licht auf. Sie merkten, dass die Bertelsmann Stiftung alles andere als die Interessen von Arbeitnehmern vertritt und an der Zerst&ouml;rung wichtiger Errungenschaften der Arbeitnehmerschaft federf&uuml;hrend oder begleitend beteiligt ist. Nach<\/p>\n<div class=\"readMore\"><a class=\"moretag\" href=\"https:\/\/www.nachdenkseiten.de\/?p=4732\">Weiterlesen<\/a><\/div>\n","protected":false},"author":2,"featured_media":0,"comment_status":"closed","ping_status":"open","sticky":false,"template":"","format":"standard","meta":{"spay_email":"","footnotes":""},"categories":[109,129],"tags":[232,517,453],"class_list":["post-4732","post","type-post","status-publish","format-standard","hentry","category-gewerkschaften","category-lobbyorganisationen-und-interessengebundene-wissenschaft","tag-bertelsmann","tag-dgb","tag-hans-boeckler-stiftung"],"jetpack_featured_media_url":"","_links":{"self":[{"href":"https:\/\/www.nachdenkseiten.de\/index.php?rest_route=\/wp\/v2\/posts\/4732","targetHints":{"allow":["GET"]}}],"collection":[{"href":"https:\/\/www.nachdenkseiten.de\/index.php?rest_route=\/wp\/v2\/posts"}],"about":[{"href":"https:\/\/www.nachdenkseiten.de\/index.php?rest_route=\/wp\/v2\/types\/post"}],"author":[{"embeddable":true,"href":"https:\/\/www.nachdenkseiten.de\/index.php?rest_route=\/wp\/v2\/users\/2"}],"replies":[{"embeddable":true,"href":"https:\/\/www.nachdenkseiten.de\/index.php?rest_route=%2Fwp%2Fv2%2Fcomments&post=4732"}],"version-history":[{"count":2,"href":"https:\/\/www.nachdenkseiten.de\/index.php?rest_route=\/wp\/v2\/posts\/4732\/revisions"}],"predecessor-version":[{"id":22726,"href":"https:\/\/www.nachdenkseiten.de\/index.php?rest_route=\/wp\/v2\/posts\/4732\/revisions\/22726"}],"wp:attachment":[{"href":"https:\/\/www.nachdenkseiten.de\/index.php?rest_route=%2Fwp%2Fv2%2Fmedia&parent=4732"}],"wp:term":[{"taxonomy":"category","embeddable":true,"href":"https:\/\/www.nachdenkseiten.de\/index.php?rest_route=%2Fwp%2Fv2%2Fcategories&post=4732"},{"taxonomy":"post_tag","embeddable":true,"href":"https:\/\/www.nachdenkseiten.de\/index.php?rest_route=%2Fwp%2Fv2%2Ftags&post=4732"}],"curies":[{"name":"wp","href":"https:\/\/api.w.org\/{rel}","templated":true}]}}