{"id":47998,"date":"2018-12-21T16:30:24","date_gmt":"2018-12-21T15:30:24","guid":{"rendered":"https:\/\/www.nachdenkseiten.de\/?p=47998"},"modified":"2019-01-02T07:39:54","modified_gmt":"2019-01-02T06:39:54","slug":"schoene-weihnachten-und-ein-glueckliches-neues-jahr-wuenschen-die-macher-der-nachdenkseiten","status":"publish","type":"post","link":"https:\/\/www.nachdenkseiten.de\/?p=47998","title":{"rendered":"Sch\u00f6ne Weihnachten und ein gl\u00fcckliches Neues Jahr w\u00fcnschen die Macher der NachDenkSeiten &#8230;"},"content":{"rendered":"<p>&hellip; und wir danken bei dieser Gelegenheit noch einmal allen unseren Leserinnen und Lesern, die unsere Arbeit mit vielen guten Hinweisen, Recherchen und Texten begleiten. Wie die R&auml;der jener Menschen, die sich noch eigene Gedanken machen, ineinandergreifen, ist einfach fantastisch. Dass dies so bleiben m&ouml;ge, w&uuml;nschen wir uns auch f&uuml;r das n&auml;chste Jahr.<br>\n<!--more--><br>\n<div class=\"external-2click\" data-provider=\"Youtube\" data-provider-slug=\"youtube\"><div class=\"external-placeholder\"><p><strong>Externer Inhalt<\/strong><\/p><p>Beim Laden des Videos werden Daten an Youtube &uuml;bertragen.<\/p><button type=\"button\" class=\"external-load\">Inhalt von Youtube zulassen<\/button><\/div><div class=\"external-content\"><iframe loading=\"lazy\" width=\"560\" height=\"315\" src=\"\" frameborder=\"0\" allow=\"accelerometer; autoplay; encrypted-media; gyroscope; picture-in-picture\" allowfullscreen class=\"external-2click-target \" data-src=\"https:\/\/www.youtube-nocookie.com\/embed\/4UfpkRFPIJk\"><\/iframe><\/div><div class=\"external-optout\"><a href=\"#\" data-revoke=\"youtube\">Inhalte von Youtube nicht mehr zulassen<\/a><\/div><\/div><\/p><p>Der vor kurzem wieder auf der Erde gelandete Astronaut Alexander Gerst hat vom Weltall aus eine Botschaft an seine noch nicht geborenen Enkel geschickt. Diese <a href=\"https:\/\/www.fernsehersatz.de\/2018\/12\/alexander-gerst-hat-im-all-eine-video-botschaft-an-seine-zukuenftigen-enkelkinder-aufgenommen.html\">Videobotschaft<\/a> war von vielen Medien verbreitet worden. Gerst bekennt, dass seine Generation (und selbstverst&auml;ndlich auch die vorige) auf Kosten der noch nicht geborenen Enkel lebt und diesen eine vielfach besch&auml;digte Erde hinterl&auml;sst. <\/p><p>Wir haben in der Redaktion &bdquo;dischputiert&ldquo;, ob auch die NachDenkSeiten mit diesem Weihnachtsgru&szlig; auf dieses Video von Alexander Gerst hinweisen sollten. <\/p><p>Es gab in unseren Reihen Kritik: Es sei nicht &bdquo;richtig, die Individualschuld so sehr zu betonen&ldquo;. &hellip; es sei &bdquo;eben nicht so, dass &sbquo;Wir Uns&lsquo; alle gleicherma&szlig;en &sbquo;an die Nase fassen m&uuml;ssen&lsquo;. Die tats&auml;chlichen Hauptverantwortlichen und auch politische Strukturen werden dadurch aus der Schusslinie genommen&ldquo;.<\/p><p>Mehrheitlich meinten wir in der Redaktion allerdings, wir k&ouml;nnten froh sein, dass endlich ein mit dem Image von technischem Fortschritt verbundener Mensch die begonnene Zerst&ouml;rung der Erde beim Namen nennt und sich auch zur eigenen Verantwortung bekennt. Das kann ein Beitrag zur Aufkl&auml;rung und hoffentlich auch zur Verhaltens&auml;nderung sein. Deshalb verlinken auch wir auf die Videobotschaft des Alexander Gerst.<\/p><p>Die NachDenkSeiten werden auch im kommenden Jahr aufkl&auml;ren, hinter die Kulissen schauen, f&uuml;r Gerechtigkeit und f&uuml;r den Abbau von Spannungen und Konfrontation, also f&uuml;r den Frieden werben. Weil die Kriegsbereitschaft bzw. die Nachl&auml;ssigkeit gegen&uuml;ber der Gew&ouml;hnung an milit&auml;rische Interventionen w&auml;chst, wird das weiterhin ein besonders wichtiges Thema auf den NachDenkSeiten sein. Der Wille zum Frieden muss in Deutschland mehrheitsf&auml;hig bleiben.<\/p><p>Alles Gute w&uuml;nschen und herzliche Gr&uuml;&szlig;e schicken wir von den NachDenkSeiten an alle unsere Freundinnen und Freunde, an Leserinnen und Leser.<\/p><ul>\n<li>Lars Bauer, Webmaster<\/li>\n<li>Jens Berger, Redakteur<\/li>\n<li>Tobias Riegel, Redakteur<\/li>\n<li>Albrecht M&uuml;ller, Herausgeber von www.NachDenkSeiten.de<\/li>\n<li>sowie C.G, J.K., Moritz M&uuml;ller, Christian Reimann, Anette Sorg, Andr&eacute; Tautenhahn und Carsten Weikamp.<\/li>\n<\/ul><p><strong>Hinweis an unsere Leserinnen und Leser: Wir machen vom 25. Dezember bis einschlie&szlig;lich 1. Januar Pause. Am 2. Januar geht&lsquo;s weiter.<\/strong><\/p><p><strong>Sollten Sie Entzug versp&uuml;ren, dann scrollen Sie doch einfach mal ein wenig zur&uuml;ck,<\/strong> lesen alte Texte nach, und sehen oder h&ouml;ren sich in Ruhe noch einmal <a href=\"https:\/\/www.nachdenkseiten.de\/?cat=102\">Video-<\/a> oder <a href=\"https:\/\/www.nachdenkseiten.de\/?cat=107\">Audio-Podcasts<\/a> an. Sie werden sicherlich noch viele andere interessante Beitr&auml;ge finden, die im Trubel des Alltages untergegangen sind.<\/p>\n","protected":false},"excerpt":{"rendered":"<p>&hellip; und wir danken bei dieser Gelegenheit noch einmal allen unseren Leserinnen und Lesern, die unsere Arbeit mit vielen guten Hinweisen, Recherchen und Texten begleiten. Wie die R&auml;der jener Menschen, die sich noch eigene Gedanken machen, ineinandergreifen, ist einfach fantastisch. Dass dies so bleiben m&ouml;ge, w&uuml;nschen wir uns auch f&uuml;r das n&auml;chste Jahr.<\/p>\n","protected":false},"author":11,"featured_media":0,"comment_status":"closed","ping_status":"closed","sticky":false,"template":"","format":"standard","meta":{"spay_email":"","footnotes":""},"categories":[35,176,161],"tags":[445,243,2061],"class_list":["post-47998","post","type-post","status-publish","format-standard","hentry","category-aufbau-gegenoeffentlichkeit","category-umweltpolitik","category-wertedebatte","tag-danksagung","tag-in-eigener-sache","tag-umweltverschmutzung"],"jetpack_featured_media_url":"","_links":{"self":[{"href":"https:\/\/www.nachdenkseiten.de\/index.php?rest_route=\/wp\/v2\/posts\/47998","targetHints":{"allow":["GET"]}}],"collection":[{"href":"https:\/\/www.nachdenkseiten.de\/index.php?rest_route=\/wp\/v2\/posts"}],"about":[{"href":"https:\/\/www.nachdenkseiten.de\/index.php?rest_route=\/wp\/v2\/types\/post"}],"author":[{"embeddable":true,"href":"https:\/\/www.nachdenkseiten.de\/index.php?rest_route=\/wp\/v2\/users\/11"}],"replies":[{"embeddable":true,"href":"https:\/\/www.nachdenkseiten.de\/index.php?rest_route=%2Fwp%2Fv2%2Fcomments&post=47998"}],"version-history":[{"count":2,"href":"https:\/\/www.nachdenkseiten.de\/index.php?rest_route=\/wp\/v2\/posts\/47998\/revisions"}],"predecessor-version":[{"id":48000,"href":"https:\/\/www.nachdenkseiten.de\/index.php?rest_route=\/wp\/v2\/posts\/47998\/revisions\/48000"}],"wp:attachment":[{"href":"https:\/\/www.nachdenkseiten.de\/index.php?rest_route=%2Fwp%2Fv2%2Fmedia&parent=47998"}],"wp:term":[{"taxonomy":"category","embeddable":true,"href":"https:\/\/www.nachdenkseiten.de\/index.php?rest_route=%2Fwp%2Fv2%2Fcategories&post=47998"},{"taxonomy":"post_tag","embeddable":true,"href":"https:\/\/www.nachdenkseiten.de\/index.php?rest_route=%2Fwp%2Fv2%2Ftags&post=47998"}],"curies":[{"name":"wp","href":"https:\/\/api.w.org\/{rel}","templated":true}]}}