{"id":50067,"date":"2019-03-11T15:18:44","date_gmt":"2019-03-11T14:18:44","guid":{"rendered":"https:\/\/www.nachdenkseiten.de\/?p=50067"},"modified":"2019-03-11T15:47:59","modified_gmt":"2019-03-11T14:47:59","slug":"in-eigener-sache-danke-fuer-die-verteilung-der-informationsblaetter-und-danke-fuer-die-vielen-guten-mails","status":"publish","type":"post","link":"https:\/\/www.nachdenkseiten.de\/?p=50067","title":{"rendered":"In eigener Sache: Danke f\u00fcr die Verteilung der Informationsbl\u00e4tter und danke f\u00fcr die vielen guten Mails"},"content":{"rendered":"<p>Um die NachDenkSeiten weiter zu verbreiten, hatten wir am 8. Februar hiermit ( &ldquo;<a href=\"https:\/\/www.nachdenkseiten.de\/?p=49186\">Je mehr Menschen NachDenkSeiten lesen, desto &ouml;fter treffen Sie auf aufgekl&auml;rte und meist freundliche Mitmenschen. Wir bitten deshalb um Verteilung eines Flyers.<\/a>&rdquo; ) um Unterst&uuml;tzung bei der Verteilung eines Informationsblattes gebeten. Das Echo war &uuml;berw&auml;ltigend. Zum einen haben bisher 975 Leserinnen und Leser eine gr&ouml;&szlig;ere Anzahl von Flyer bestellt. Insgesamt sind knapp 200.000 ausgeliefert und die meisten wohl auch schon verteilt worden. Zum anderen erreichten uns mit den Bestellungen ausgesprochen ermunternde Mails. Eine kurze Auswahl geben wir unten wieder. <strong>Albrecht M&uuml;ller<\/strong>.<br>\n<!--more--><br>\nNoch ein paar Anmerkungen zur Verteilaktion:<\/p><ol type=\"a\">\n<li>Es erweist sich als ausgesprochen g&uuml;nstig, die Informationsbl&auml;tter an die Besucher von einschl&auml;gigen Veranstaltungen wie Kabaretts, interessante Vortr&auml;ge und bei Demonstrationen zu verteilen.<\/li>\n<li>Bitte nicht in Briefk&auml;sten stecken, deren Besitzer keine Werbung haben wollen.<\/li>\n<li>Wenn Sie sich noch beteiligen wollen oder Nachholbedarf haben, dann bitte diese E-Mail-Adresse <a href=\"mailto:zumverteilen@nachdenkseiten.de\">zumverteilen@nachdenkseiten.de<\/a> nutzen und <a href=\"https:\/\/www.nachdenkseiten.de\/?p=49186\">dem Angebot entsprechend<\/a> (125 oder 250 St&uuml;ck) bestellen. Die Auslieferung dauert dann allerdings ein bisschen, weil wir nachdrucken lassen m&uuml;ssen.<\/li>\n<\/ol><p>Eine kleine Auswahl von Mails jener Leserinnen und Leser, die sich an unserer Verteileraktion beteiligen:<\/p><div class=\"hr_wrap\">\n<hr>\n<\/div><p>Liebe Mitarbeitende bei den NachDenkSeiten,<\/p><p>habt sehr herzlichen Dank f&uuml;r die schnelle &Uuml;bermittlung der erbetenen Flyer, ich bin schon flei&szlig;ig am Auslegen\/Verteilen. Der Aufkleber kommt wirklich gut an &ndash; auch daf&uuml;r herzlichen Dank!<\/p><p>La&szlig;t Euch keinesfalls deprimieren und vor allem nicht abbringen von Eurer Arbeit &ndash; sie ist wichtiger denn je und ich bin mir ziemlich sicher, da&szlig; sie auch von immer mehr Menschen gesch&auml;tzt wird, denn Ihr seid angesichts der sonstigen Medienlandschaft wirklich eine gro&szlig;e Hilfe, die schlechten Nachrichten besser und vor allem auch richtiger einzuordnen.<\/p><p>&Uuml;brigens bin ich tats&auml;chlich erst &uuml;ber Euren Flyer (erhalten beim 4. gro&szlig;en Treffen von Aufstehen in Leipzig) zur regelm&auml;&szlig;igen Leserin der NachDenkSeiten geworden. Der von mir schon lange sehr verehrte Max Uthoff ist gut gew&auml;hlt als &ldquo;Zugpferd&rdquo;! Dies nur kurz, damit Ihr den mit den Flyern betriebenen Aufwand als Erfolg einordnen k&ouml;nnt.<\/p><p>Also nochmals ganz herzlichen Dank und herzliche Gr&uuml;&szlig;e aus Leipzig<br>\nConstanze D.<\/p><div class=\"hr_wrap\">\n<hr>\n<\/div><p>Liebes NachDenkSeiten &ndash; Team,<\/p><p>vielen Dank f&uuml;r die Zusendung der Flyer!<\/p><p>Vielleicht interessiert Sie ein kurzes Feedback:<\/p><p>Ich habe sie vor dem Vortrag von Michael L&uuml;ders im DAI verteilt. Der Saal war voll besetzt, alle haben den Flyer gern genommen. <\/p><p>&Uuml;berrascht hat mich, dass Etliche doch die NachDenkSeiten noch nicht kannten, sie waren aber interessiert, Einige fragten nach, was das genau sei.<\/p><p>Vielen waren die nds aber nat&uuml;rlich bekannt, sie freuten sich &uuml;ber die Flyer, und drei Leute sagten, ich brauche keinen Flyer, ich verteile die selber.<\/p><p>Und ein Herr meinte: Ich hatte Jahrzehnte lang die taz abonniert, als die noch fortschrittlich war. Dann habe ich das Abo gek&uuml;ndigt, und das Geld bekommen jetzt die NachDenkSeiten.<\/p><p>Es sind noch Flyer &uuml;brig, diese verteilen wir bei unseren Infost&auml;nden wie auch bei einer n&auml;chsten Veranstaltung: &hellip;<\/p><p>In diesem Sinn weiterhin viel Erfolg und vielen Dank f&uuml;r Ihre unverzichtbare Arbeit!<\/p><p>Mit freundlichen Gr&uuml;&szlig;en aus Heidelberg,<br>\nUlrike F.<\/p><div class=\"hr_wrap\">\n<hr>\n<\/div><p>Liebes Nachdenkseiten-Team,<\/p><p>als von euch politisch sozialisierter B&uuml;rger w&uuml;rde ich mich freuen zur weiteren Verbreitung der NDS beitragen zu k&ouml;nnen. 250 Flyer w&auml;ren super, da ich noch der Aufstehen Gruppe Chemnitz angeh&ouml;re, w&uuml;rde ich allerdings behaupten, dass wir weitaus mehr verteilen k&ouml;nnen.<\/p><p>Die Nachdenkseiten sind f&uuml;r mich und auch f&uuml;r viele unserer Gruppe DIE politische Informations- und Bildungsgrundlage schlechthin. Danke, dass ihr euch nie in irgendwelche ideologiegetriebenen Kampagnen habt einbinden lassen und dass ihr immer den Mut hattet zu sagen was ist &ndash; und dazu geh&ouml;rt eben auch zu sagen was im linken Lager schiefl&auml;uft &ndash; danke f&uuml;r eure Koh&auml;renz und Geradlinigkeit!<\/p><p>Macht weiter so!<\/p><p>Sascha K.<\/p><div class=\"hr_wrap\">\n<hr>\n<\/div><p>Vielen Dank , Wir m&ouml;chten unseren Teil dazu beitragen, ihr Medium weiter bekannt zu machen. Besonders wichtig finde ich es, auch junge Menschen, Die h&auml;ufig nur die aktuelle Form von Berichterstattungen kennen, mit ins Boot zu holen.<\/p><p>Ich w&uuml;nsche Ihnen weiterhin viel Erfolg<\/p><p>mit freundlichen Gr&uuml;&szlig;en<br>\nKristina R.<\/p><div class=\"hr_wrap\">\n<hr>\n<\/div><p>Vielen Dank f&uuml;r die wertvolle Berichterstattung! Ich freue mich auf das Weiterverbreiten Ihrer Website!<\/p><p>Gute Idee&hellip;..<\/p><p>mit freundlichen Gr&uuml;&szlig;en<br>\nLars F.<\/p><div class=\"hr_wrap\">\n<hr>\n<\/div><p>Hallo,<br>\nleider bin ich nicht in der Lage zu spenden. Ich m&ouml;chte die Nachdenkseiten aber durch das Verteilen von flyern unterst&uuml;tzen. Schicken Sie mir doch bitte 250 St&uuml;ck:<br>\n&nbsp;<br>\nmit freundlichen Gr&uuml;&szlig;en<br>\nJochen N.<\/p><div class=\"hr_wrap\">\n<hr>\n<\/div><p>Sehr geehrte Damen und Herren,<\/p><p>ich bin regelm&auml;&szlig;iger Leser der Nachdenkseiten, schon seit Beginn an.<\/p><p>Ich machte bisher schon immer flei&szlig;ig m&uuml;ndliche Werbung f&uuml;r ihre Webseite.<\/p><p>Ich finde es aber eine noch bessere Idee, den Leuten auch was Schriftliches in die Hand geben zu k&ouml;nnen.<\/p><p>Mit Max Uthoff auf der Frontseite sind die Leute wohl noch eher bereit sich &uuml;ber dieses Medium Gedanken zu machen.<\/p><p>Weil allzu oft wird man noch bel&auml;chelt.<\/p><p>Die Leute sind eben durch den Mainstream noch zu sehr beeinflusst.<\/p><p>Ich w&uuml;rde mich freuen, wenn Sie mir 125 Flyer zuschicken w&uuml;rden.<\/p><p>Rainer L.<\/p><div class=\"hr_wrap\">\n<hr>\n<\/div><p>Hallo und Guten Tag,&nbsp;<br>\n&nbsp;<br>\nbitte senden sie mir 125 Flyer zum Verteilen zu. Ich lese seit drei Jahren die NDS und m&ouml;chte gerne auch andere Menschen von ihrem guten Jouralismus &uuml;berzeugen.<br>\n&nbsp;<br>\nAlfred J.<\/p><div class=\"hr_wrap\">\n<hr>\n<\/div><p>Sehr geehrte Damen und Herren,<br>\n&nbsp;<br>\nich werde mein Bestes tun die &ldquo;NachDenkSeiten&rdquo; weiter zu empfehlen, weil ich mich selbst durch Ihre Website fair und gut informiert f&uuml;hle. Danke!<br>\n&nbsp;<br>\nIch bitte um 125 Flyer.<br>\n&nbsp;&nbsp;<br>\nWalter W.<\/p><div class=\"hr_wrap\">\n<hr>\n<\/div><p>Liebe Macher der NachDenkSeiten,<\/p><p>bin vor eingen Jahren auf Eure Seiten gesto&szlig;en, dort auch gelegentlich bis h&auml;ufiger (Zaun-) Gast &ndash; gleiches kann ich von der &ldquo;Anstalt&rdquo; behaupten.<\/p><p>Auch wenn ich nicht mit allen Ihren Bewertungen &uuml;bereinstimme, so doch mit ziemlich vielen und daher m&ouml;chte ich diese Anliegen mit der Flyer-Aktion unterst&uuml;tzen und bestelle deshalb:<\/p><p>125 St&uuml;ck<\/p><p>an meine (Privat-) Adresse:<\/p><p>Frank H.<\/p><div class=\"hr_wrap\">\n<hr>\n<\/div><p>Einen Teil davon m&ouml;chte ich auch an meiner Arbeitsstelle (Hochschule) verteilen. Das sollte doch rechtlich ok gehen? &ndash; ist ja keine Werbung f&uuml;r eine bestimmte Partei &ndash; sowas wurde in der Vergangenheit recht konsequent unterbunden. Und &Auml;rger m&ouml;chte ich mir damit nicht einhandeln&hellip; man hat ja nur seinen Arbeitsplatz&hellip;<\/p><p>Eine kleine Spende wird die n&auml;chsten Tage auch an Euer Team rausgehen.<\/p><p>Mit intellektuellen Kampfesgr&uuml;&szlig;en!<br>\nFrank H.<\/p><div class=\"hr_wrap\">\n<hr>\n<\/div><p>250 St&uuml;ck, werden verteilt bis zum letzten !!!!!!<\/p><p>bin schon seit Jahren eifrige Leserin ihrer Plattform.<\/p><p>Vielen dank f&uuml;r die informativen Beitr&auml;ge, die in keiner Tagesschau zu finden sind.<\/p><p>Hab die Flyer gestern bei der demo &bdquo;aufstehen der Bundwesten&ldquo; in Stuttgart ausliegen gesehen.<\/p><p>Waren schnell vergriffen,<br>\nViele Gr&uuml;&szlig;e<br>\nErika L.<\/p><div class=\"hr_wrap\">\n<hr>\n<\/div><p>Hallo liebes Nachdenkseiten-Team,<\/p><p>vielen Dank zun&auml;chst f&uuml;r eure unerm&uuml;dliche Arbeit! Vor etwa einem Jahr bin ich zuf&auml;llig auf euch aufmerksam geworden, h&ouml;re seitdem den Podcast und verpasse keine Folge mehr. Im Gegenteil, manche Folgen h&ouml;re ich h&auml;ufiger, um das gesagte aufzusaugen und zu verinnerlichen. Seit einigen Monaten bin ich mindestens einmal in der Woche auf eurer Seite, um unvertonte Artikel zu lesen und unterst&uuml;tze euch auch finanziell.<\/p><p>Tats&auml;chlich frage ich mich schon seit l&auml;ngerem, wie ich meinen Beitrag leisten kann, mehr Menschen auf euch aufmerksam zu machen bzw. eure Reichweite zu erh&ouml;hen. Posten auf Facebook ist das eine&hellip;, Reaktionen darauf sind etwas anderes. Die n&auml;mlich fallen &uuml;berschaubar aus. Entweder seid ihr tats&auml;chlich zu systemkritisch und erscheint in den Newsfeeds schlicht nicht oder ihr seid inhaltlich zu anspruchsvoll und\/oder zu lang gegen&uuml;ber Katzenvideos oder anderer leichter Kost.<\/p><p>Ich wohne in Hamburg und die ganze Stadt ist &uuml;bers&auml;ht mit kleinen Aufklebern, h&auml;ufig mit politischen Botschaften. W&auml;re das eine Option? Hier und da mal ein Kleber mit dem Logo der Nachdenkseiten? Mein Auto und mein Rad ist euch sicher.<\/p><p>Liebe Gr&uuml;&szlig;e und &ldquo;weiter so&rdquo;.<br>\nStefan B.<\/p><div class=\"hr_wrap\">\n<hr>\n<\/div><p>Hoi<\/p><p>Ich fahre t&auml;glich Bahn und w&uuml;rde das gerne &laquo;ausnutzen&raquo;.<\/p><p>Ich bin auch F&ouml;rderer der NDS.<\/p><p>Holger S.<\/p><div class=\"hr_wrap\">\n<hr>\n<\/div><p>Sehr geehrte Dahmen und Herren, &nbsp;<\/p><p>ich bin seit Jahren interessierter NDS-Leser und glaube, dass es an der Zeit ist, die NDS einem breiteren Publikum bekannt zu machen. Ich w&auml;re bereit, die Flyer zu verteilen. Bitte schicken Sie 125 Stk. davon an folgende Adresse:<\/p><p>Steffen R.<\/p><div class=\"hr_wrap\">\n<hr>\n<\/div><p>Liebes Nachdenkseiten-Team, <\/p><p>sind noch Flyer da? Ich lese t&auml;glich die mittlerweile f&uuml;r mich unverzichtbaren &bdquo;Nachdenkseiten&ldquo; und komme jetzt erst dazu, zu bestellen.<br>\n125 Stk. reichen mir vorerst.<\/p><p>Almut S.<\/p><div class=\"hr_wrap\">\n<hr>\n<\/div><p>Hallo,<\/p><p>Gerade habe ich die &ldquo;Aktion Flyer&rdquo; der Nachdenkseiten gelesen.<br>\nIch m&ouml;chte aktiv werden und Werbung f&uuml;r ihre gro&szlig;artige, informative Seite machen.<br>\nIch spiele in meiner Band Interstellar Overdrive die Musik von Pink Floyd und wir k&ouml;nnen die Flyer bei Konzerten an unserem CD Stand auslegen. Abgesehen davon m&ouml;chte ich auch privat Werbung machen.<\/p><p>Bitte schicken Sie mir, wenn m&ouml;glich 250 Exemplare der Flyer.<\/p><p>Des weiteren m&ouml;chte ich Sie darauf aufmerksam machen, da&szlig; wir ein Musikst&uuml;ck mit Video produziert haben, <a href=\"https:\/\/www.youtube.com\/watch?v=Ay5Z29f7QHQ\">in dem wir auch die Nachdenkseiten erw&auml;hnen und bewerben<\/a>.<\/p><p>Mit vielen Gr&uuml;&szlig;en,<br>\nMartin B.<\/p><div class=\"hr_wrap\">\n<hr>\n<\/div><p>Liebes Nachdenkseiten-Team,&nbsp;<\/p><p>bei mir vergeht kaum ein Tag, an dem ich nicht eure hochwertigen Inhalte lese. Bitte weiter so! Damit ich auch andere von eurer sehr guten Arbeit &uuml;berzeugen kann, w&uuml;rde ich gerne 125 Flyer ordern, um sie an passenden Orten auslegen zu k&ouml;nnen.&nbsp;<\/p><p>Katharina K.<\/p>\n","protected":false},"excerpt":{"rendered":"<p>Um die NachDenkSeiten weiter zu verbreiten, hatten wir am 8. Februar hiermit ( &ldquo;<a href=\"https:\/\/www.nachdenkseiten.de\/?p=49186\">Je mehr Menschen NachDenkSeiten lesen, desto &ouml;fter treffen Sie auf aufgekl&auml;rte und meist freundliche Mitmenschen. Wir bitten deshalb um Verteilung eines Flyers.<\/a>&rdquo; ) um Unterst&uuml;tzung bei der Verteilung eines Informationsblattes gebeten. Das Echo war &uuml;berw&auml;ltigend. Zum einen haben bisher 975 Leserinnen<\/p>\n<div class=\"readMore\"><a class=\"moretag\" href=\"https:\/\/www.nachdenkseiten.de\/?p=50067\">Weiterlesen<\/a><\/div>\n","protected":false},"author":2,"featured_media":50068,"comment_status":"closed","ping_status":"closed","sticky":false,"template":"","format":"standard","meta":{"spay_email":"","footnotes":""},"categories":[35,210],"tags":[445,243],"class_list":["post-50067","post","type-post","status-publish","format-standard","has-post-thumbnail","hentry","category-aufbau-gegenoeffentlichkeit","category-werbung-fuer-die-nachdenkseiten","tag-danksagung","tag-in-eigener-sache"],"jetpack_featured_media_url":"https:\/\/www.nachdenkseiten.de\/wp-content\/uploads\/2019\/03\/fly2.jpg","_links":{"self":[{"href":"https:\/\/www.nachdenkseiten.de\/index.php?rest_route=\/wp\/v2\/posts\/50067","targetHints":{"allow":["GET"]}}],"collection":[{"href":"https:\/\/www.nachdenkseiten.de\/index.php?rest_route=\/wp\/v2\/posts"}],"about":[{"href":"https:\/\/www.nachdenkseiten.de\/index.php?rest_route=\/wp\/v2\/types\/post"}],"author":[{"embeddable":true,"href":"https:\/\/www.nachdenkseiten.de\/index.php?rest_route=\/wp\/v2\/users\/2"}],"replies":[{"embeddable":true,"href":"https:\/\/www.nachdenkseiten.de\/index.php?rest_route=%2Fwp%2Fv2%2Fcomments&post=50067"}],"version-history":[{"count":3,"href":"https:\/\/www.nachdenkseiten.de\/index.php?rest_route=\/wp\/v2\/posts\/50067\/revisions"}],"predecessor-version":[{"id":50071,"href":"https:\/\/www.nachdenkseiten.de\/index.php?rest_route=\/wp\/v2\/posts\/50067\/revisions\/50071"}],"wp:featuredmedia":[{"embeddable":true,"href":"https:\/\/www.nachdenkseiten.de\/index.php?rest_route=\/wp\/v2\/media\/50068"}],"wp:attachment":[{"href":"https:\/\/www.nachdenkseiten.de\/index.php?rest_route=%2Fwp%2Fv2%2Fmedia&parent=50067"}],"wp:term":[{"taxonomy":"category","embeddable":true,"href":"https:\/\/www.nachdenkseiten.de\/index.php?rest_route=%2Fwp%2Fv2%2Fcategories&post=50067"},{"taxonomy":"post_tag","embeddable":true,"href":"https:\/\/www.nachdenkseiten.de\/index.php?rest_route=%2Fwp%2Fv2%2Ftags&post=50067"}],"curies":[{"name":"wp","href":"https:\/\/api.w.org\/{rel}","templated":true}]}}