{"id":53985,"date":"2019-08-06T09:50:13","date_gmt":"2019-08-06T07:50:13","guid":{"rendered":"https:\/\/www.nachdenkseiten.de\/?p=53985"},"modified":"2019-08-06T10:35:37","modified_gmt":"2019-08-06T08:35:37","slug":"wer-gruen-will-waehlt-den-krieg-eine-einschaetzung-von-willy-wimmer","status":"publish","type":"post","link":"https:\/\/www.nachdenkseiten.de\/?p=53985","title":{"rendered":"Wer gr\u00fcn will, w\u00e4hlt den Krieg. Eine Einsch\u00e4tzung von Willy Wimmer."},"content":{"rendered":"<p>In diesen Tagen werden aus der F&uuml;hrungsspitze der Partei &bdquo;Die Gr&uuml;nen&ldquo; prominente Stimmen laut, die sich einen Einsatz der Bundeswehr im Persischen Golf durchaus vorstellen k&ouml;nnen. Das ist kein Wunder, wenn man sich &uuml;ber die F&ouml;rderung des v&ouml;lkerrechtswidrigen Krieges gegen die Bundesrepublik Jugoslawien 1999 die Mutation der Partei &bdquo;Die Gr&uuml;nen&ldquo; von der Kerntruppe der sogenannten &bdquo;Friedensbewegung&ldquo; hin zur aktiven F&ouml;rderung amerikanischer Globalaggression seit Petra Kellys Zeiten ansieht. Seit diesem &bdquo;Geniestreich&ldquo; der politischen Manipulation, der auf Dauer mit dem Namen von Herrn Joschka Fischer verbunden ist, kann man sich in Deutschland auf eines verlassen: Wenn es um Krieg und seine Unterst&uuml;tzung aus Deutschland geht, sind die Gr&uuml;nen bei der Stange. Schlimm genug, vor allem deshalb, weil es die Gr&uuml;nen gewesen sind, die unter Herrn Fischer der einst machtvollen Friedensbewegung das R&uuml;ckgrat gebrochen haben. Von der damaligen Umwidmung aller Werte hat sich die Friedensbewegung bis heute nicht erholt.<br>\n<!--more--><br>\nDabei deuten die Einsatzphantasien aus der gr&uuml;nen Parteispitze auf einen anderen Umstand innen- und au&szlig;enpolitisch hin. Damit wird in einem Kernbereich vor jeder deutschen Regierungsbildung die NATO-Kriegsgefolgschaft f&uuml;r eine k&uuml;nftige und neue Regierung sichergestellt. Das zu einem Zeitpunkt, wo unter der umsichtigen au&szlig;enpolitischen Weichenstellung durch den &Uuml;bergangs-Fraktionsvorsitzenden der SPD, Herrn Dr. M&uuml;tzenich aus K&ouml;ln, der Versuch unternommen wird, deutsche Politik in der Friedensfrage wieder auf das Grundgesetz, das V&ouml;lkerrecht und die internationale  Diplomatie zur&uuml;ckzuf&uuml;hren. Mit der SPD scheint hier nicht das machbar zu sein, was in den Personen Kramp-Karrenbauer und Habeck wie ein k&uuml;nftiges schwarz-gr&uuml;nes Handlungskonzept daherkommt. Das k&ouml;nnte schneller der Fall sein, als den meisten Deutschen bewusst ist.<\/p><p>Bereits die September-Wahlen in &Ouml;sterreich versprechen Aufschluss &uuml;ber ein k&uuml;nftiges schwarz-gr&uuml;nes Regierungsmodell in Deutschland: Wien als Testlauf f&uuml;r Berlin. Anders kann man die Wut und Verbissenheit nicht werten, mit der in &Ouml;sterreich der bisherige Koalitionspartner &Ouml;VP gegen F&uuml;hrungspersonen des Koalitionspartners FP&Ouml; schie&szlig;t. In &Ouml;sterreich f&uuml;hrt dieser Weg in eine andere Koalition, in Deutschland aller Wahrscheinlichkeit nach in einen Kriegseinsatz, der sich vorher die genehme Regierung gesucht hat.<\/p><p>Dabei w&auml;re eine kriegsbestimmte deutsche Regierungskoalition zwischen &bdquo;schwarz und gr&uuml;n&ldquo; nur Ausdruck einer partei&uuml;bergreifenden Entfernung eines bisherigen Partei-Markenkerns, die deutsche Parteien derzeit geradezu &uuml;bergreifend auszeichnet. Die deutsche &Ouml;ffentlichkeit hat es sich angew&ouml;hnt, mit der Agenda 2010 diesen Umstand bei der SPD festzumachen. Die SPD b&uuml;&szlig;t dies bis heute und n&auml;hert sich der Dimension einer Splitterpartei. Die Linke verk&ouml;rpert die Erinnerung an &bdquo;den Sozialismus&ldquo;, wie sie selbst auf Plakaten wieder deutlich macht. Die FDP steht f&uuml;r &bdquo;shareholder value&ldquo; wie keine andere Partei und damit alles das, was den deutschen Sozialstaat in die Zange genommen hat. Die Gr&uuml;nen haben auf  den Markenkern des &bdquo;politischen Arms&ldquo; der Friedensbewegung verzichtet und damit der deutschen &bdquo;Zivilgesellschaft&ldquo; eine existentielle L&uuml;cke beschert.<br>\nDie CDU\/CSU hat &uuml;ber die Entscheidung der Bundeskanzlerin in Sachen Migration vom 4.\/5. September 2019 sich f&uuml;r den &bdquo;fortdauernden Verfassungsbruch&ldquo;, wie es sinngem&auml;&szlig; der ehemalige deutsche Verteidigungsminister, Herr Prof. Dr. Rupert Scholz, in der Presse zum Ausdruck brachte, entschieden. Wen und was repr&auml;sentieren politische Parteien, die in Summe nicht mehr ihren &bdquo;Marken-Kern&ldquo; zum Ausdruck bringen? In der Kriegsfrage, und dabei nicht nur im Persischen Golf, d&uuml;rfte diese Frage f&uuml;r alle Deutschen von &uuml;bergeordneter Bedeutung werden.<\/p><p><em>Willy Wimmer, 6. August 2019<\/em><\/p>\n","protected":false},"excerpt":{"rendered":"<p>In diesen Tagen werden aus der F&uuml;hrungsspitze der Partei &bdquo;Die Gr&uuml;nen&ldquo; prominente Stimmen laut, die sich einen Einsatz der Bundeswehr im Persischen Golf durchaus vorstellen k&ouml;nnen. Das ist kein Wunder, wenn man sich &uuml;ber die F&ouml;rderung des v&ouml;lkerrechtswidrigen Krieges gegen die Bundesrepublik Jugoslawien 1999 die Mutation der Partei &bdquo;Die Gr&uuml;nen&ldquo; von der Kerntruppe der sogenannten<\/p>\n<div class=\"readMore\"><a class=\"moretag\" href=\"https:\/\/www.nachdenkseiten.de\/?p=53985\">Weiterlesen<\/a><\/div>\n","protected":false},"author":11,"featured_media":0,"comment_status":"closed","ping_status":"closed","sticky":false,"template":"","format":"standard","meta":{"spay_email":"","footnotes":""},"categories":[169,194],"tags":[1120,2175,1587],"class_list":["post-53985","post","type-post","status-publish","format-standard","hentry","category-aussen-und-sicherheitspolitik","category-gruene","tag-friedensbewegung","tag-interventionspolitik","tag-schwarz-gruen"],"jetpack_featured_media_url":"","_links":{"self":[{"href":"https:\/\/www.nachdenkseiten.de\/index.php?rest_route=\/wp\/v2\/posts\/53985","targetHints":{"allow":["GET"]}}],"collection":[{"href":"https:\/\/www.nachdenkseiten.de\/index.php?rest_route=\/wp\/v2\/posts"}],"about":[{"href":"https:\/\/www.nachdenkseiten.de\/index.php?rest_route=\/wp\/v2\/types\/post"}],"author":[{"embeddable":true,"href":"https:\/\/www.nachdenkseiten.de\/index.php?rest_route=\/wp\/v2\/users\/11"}],"replies":[{"embeddable":true,"href":"https:\/\/www.nachdenkseiten.de\/index.php?rest_route=%2Fwp%2Fv2%2Fcomments&post=53985"}],"version-history":[{"count":4,"href":"https:\/\/www.nachdenkseiten.de\/index.php?rest_route=\/wp\/v2\/posts\/53985\/revisions"}],"predecessor-version":[{"id":53991,"href":"https:\/\/www.nachdenkseiten.de\/index.php?rest_route=\/wp\/v2\/posts\/53985\/revisions\/53991"}],"wp:attachment":[{"href":"https:\/\/www.nachdenkseiten.de\/index.php?rest_route=%2Fwp%2Fv2%2Fmedia&parent=53985"}],"wp:term":[{"taxonomy":"category","embeddable":true,"href":"https:\/\/www.nachdenkseiten.de\/index.php?rest_route=%2Fwp%2Fv2%2Fcategories&post=53985"},{"taxonomy":"post_tag","embeddable":true,"href":"https:\/\/www.nachdenkseiten.de\/index.php?rest_route=%2Fwp%2Fv2%2Ftags&post=53985"}],"curies":[{"name":"wp","href":"https:\/\/api.w.org\/{rel}","templated":true}]}}