{"id":5494,"date":"2010-05-08T08:28:52","date_gmt":"2010-05-08T06:28:52","guid":{"rendered":"http:\/\/www.nachdenkseiten.de\/?p=5494"},"modified":"2014-03-05T12:43:19","modified_gmt":"2014-03-05T11:43:19","slug":"haette-frau-kraft-mal-so-klartext-geredet-wie-herr-lafontaine-dann-koennte-man-sie-waehlen","status":"publish","type":"post","link":"https:\/\/www.nachdenkseiten.de\/?p=5494","title":{"rendered":"H\u00e4tte Frau Kraft mal so Klartext geredet wie Herr Lafontaine, dann k\u00f6nnte man sie w\u00e4hlen."},"content":{"rendered":"<p>Hier ein Redeausschnitt von Oskar Lafontaine in N&uuml;rnberg vom 17.09.09: <a href=\"http:\/\/www.youtube.com\/watch?v=NTojvH-0zCU\">&bdquo;Akermann ist Bundeskanzler&ldquo;<\/a>. Das ist in jedem Detail aktuell und entspricht dem, was wir in den NDS seit Monaten schreiben. CDU, CSU, SPD, FDP und Gr&uuml;ne sind in den F&auml;ngen der Finanzwirtschaft. Siehe <a href=\"?p=4039\">hier<\/a> und <a href=\"?p=3528\">hier<\/a>.<br>\nIch scheue deshalb eine Wahlempfehlung f&uuml;r NRW nicht: Nur mit einer starken Linken wird es wenigstens ein bisschen Erwachen geben. Lassen Sie sich von gezielt gestreuten angeblichen Umfragen nicht beeindrucken. 4,9% oder 5,1% f&uuml;r die Linke soll Ihnen suggerieren, dass Ihre Stimme m&ouml;glicherweise verloren ist. Wenn Sie sich davon beeindrucken lassen, dann tritt der Albtraum ein: Schwarz-Gelb oder Schwarz-Gr&uuml;n oder Schwarz-Rot hat die Mehrheit. Albrecht M&uuml;ller<\/p><p>PS: Eine weitere Klartext-Rede gab es gestern im Bundestag von Sahra Wagenknecht:<br>\nQuelle 1: <a href=\"http:\/\/www.youtube.com\/watch?v=ddhm3qpe7sg\">YouTube &ndash; Video<\/a><br>\nQuelle 2: <a href=\"http:\/\/www.sahra-wagenknecht.de\/de\/article\/723.sie-sind-zu-feige-sich-mit-den-wirtschaftsmaechtigen-anzulegen.html\">www.sahra-wagenknecht.de &ndash; Text<\/a><\/p>\n","protected":false},"excerpt":{"rendered":"<p>Hier ein Redeausschnitt von Oskar Lafontaine in N&uuml;rnberg vom 17.09.09: <a href=\"http:\/\/www.youtube.com\/watch?v=NTojvH-0zCU\">&bdquo;Akermann ist Bundeskanzler&ldquo;<\/a>. Das ist in jedem Detail aktuell und entspricht dem, was wir in den NDS seit Monaten schreiben. CDU, CSU, SPD, FDP und Gr&uuml;ne sind in den F&auml;ngen der Finanzwirtschaft. Siehe <a href=\"?p=4039\">hier<\/a> und <a href=\"?p=3528\">hier<\/a>.<br \/> Ich scheue deshalb eine Wahlempfehlung f&uuml;r<\/p>\n<div class=\"readMore\"><a class=\"moretag\" href=\"https:\/\/www.nachdenkseiten.de\/?p=5494\">Weiterlesen<\/a><\/div>\n","protected":false},"author":2,"featured_media":0,"comment_status":"closed","ping_status":"open","sticky":false,"template":"","format":"standard","meta":{"spay_email":"","footnotes":""},"categories":[190],"tags":[293,838,330,632],"class_list":["post-5494","post","type-post","status-publish","format-standard","hentry","category-wahlen","tag-finanzwirtschaft","tag-kraft-hannelore","tag-lafontaine-oskar","tag-wagenknecht-sahra"],"jetpack_featured_media_url":"","_links":{"self":[{"href":"https:\/\/www.nachdenkseiten.de\/index.php?rest_route=\/wp\/v2\/posts\/5494","targetHints":{"allow":["GET"]}}],"collection":[{"href":"https:\/\/www.nachdenkseiten.de\/index.php?rest_route=\/wp\/v2\/posts"}],"about":[{"href":"https:\/\/www.nachdenkseiten.de\/index.php?rest_route=\/wp\/v2\/types\/post"}],"author":[{"embeddable":true,"href":"https:\/\/www.nachdenkseiten.de\/index.php?rest_route=\/wp\/v2\/users\/2"}],"replies":[{"embeddable":true,"href":"https:\/\/www.nachdenkseiten.de\/index.php?rest_route=%2Fwp%2Fv2%2Fcomments&post=5494"}],"version-history":[{"count":6,"href":"https:\/\/www.nachdenkseiten.de\/index.php?rest_route=\/wp\/v2\/posts\/5494\/revisions"}],"predecessor-version":[{"id":20996,"href":"https:\/\/www.nachdenkseiten.de\/index.php?rest_route=\/wp\/v2\/posts\/5494\/revisions\/20996"}],"wp:attachment":[{"href":"https:\/\/www.nachdenkseiten.de\/index.php?rest_route=%2Fwp%2Fv2%2Fmedia&parent=5494"}],"wp:term":[{"taxonomy":"category","embeddable":true,"href":"https:\/\/www.nachdenkseiten.de\/index.php?rest_route=%2Fwp%2Fv2%2Fcategories&post=5494"},{"taxonomy":"post_tag","embeddable":true,"href":"https:\/\/www.nachdenkseiten.de\/index.php?rest_route=%2Fwp%2Fv2%2Ftags&post=5494"}],"curies":[{"name":"wp","href":"https:\/\/api.w.org\/{rel}","templated":true}]}}