{"id":551,"date":"2005-05-04T13:55:49","date_gmt":"2005-05-04T11:55:49","guid":{"rendered":"http:\/\/www.nachdenkseiten.de\/v2\/?p=551"},"modified":"2016-03-14T17:05:20","modified_gmt":"2016-03-14T16:05:20","slug":"taglich-gruse-aus-dem-land-des-kollektiven-wahns","status":"publish","type":"post","link":"https:\/\/www.nachdenkseiten.de\/?p=551","title":{"rendered":"T\u00e4glich Gr\u00fc\u00dfe aus dem Land des \u201eKollektiven Wahns\u201c"},"content":{"rendered":"<p>Als ich vor mehr als zwei Jahren zum ersten Mal den Begriff &bdquo;kollektiver Wahn&ldquo; verwandte, um damit die ruin&ouml;sen Denkfehler und tr&uuml;gerischen Hirngespinste unserer Meinungsf&uuml;hrer zu kritisieren, wonach hierzulande alles marode sei und st&auml;ndig alles umgekrempelt werden m&uuml;sse, glaubte ich nicht, dass sich solche Hirngespinste noch lange aufrecht erhalten lassen w&uuml;rden. Ich werde leider t&auml;glich mit immer neuen Trugbildern konfrontiert.<br>\n<!--more--><br>\nZwei aktuelle Beispiele:<\/p><ol>\n<li>Gestern wurde gemeldet, Firmenerben solle die Erbschaftsteuer erlassen werden, schon heute will das Kabinett entscheiden. Dabei ist alles Notwendige unklar: Wie dieser neuerliche Steuererlass gegenfinanziert werden soll. Wie etwa der Missbrauch verhindert werden soll, auch andere Verm&ouml;gen durch eigens gegr&uuml;ndete Unternehmen dem Zugriff des Fiskus zu entziehen. Es wird nicht bedacht, dass dies allen Bekenntnissen zu einem B&uuml;rokratieabbau widerspricht und vor allem, dass dieser Vorsto&szlig; zu noch weniger Gerechtigkeit f&uuml;hrt. Wo bleibt z.B. im Gegenzug eine international vergleichbare st&auml;rkere steuerliche Heranziehung der leistungslos ererbten Gro&szlig;verm&ouml;gen? (Deutschland ist bei der Erbschaftssteuer ein nahezu konkurrenzloses Niedrigsteuerland (vgl. <a href=\"http:\/\/www.verdi.de\/politik\/wirtschaftspolitik_2\/wirtschaftspolitik_aktuell\/erbschaft_ohne_steuer\" title=\"Externer Link zu http:\/\/www.verdi.de\/politik\/wirtschaftspolitik_2\/wirtschaftspolitik_aktuell\/erbschaft_ohne_steuer\">ver.di<\/a>). Da ist es kein Trost, dass dieser Vorschlag auf dem Mist der CSU gewachsen ist. Warum greift man nicht wenigstens auf einen vern&uuml;nftigeren Vorschlag des fr&uuml;heren schleswig-holsteinischen SPD-Finanzministers zur&uuml;ck, der schon im Bundesrat eingebracht ist?<\/li>\n<li>Gestern auch die Meldung: &bdquo;Den Deutschen fehlt der Wunsch zum Kind.&ldquo; (SZ) Und damit verkn&uuml;pft die Ank&uuml;ndigung, die Familienministerin erw&auml;ge noch vor der Wahl 2006 ein Elterngeld, das mit dem Einkommen steigt. Damit w&uuml;rde der Staat mit brutaler Offenheit zugeben, dass ihm die Kinder reicher &bdquo;Eliten&ldquo; mehr wert sind als die &auml;rmerer V&auml;ter und M&uuml;tter. In der &bdquo;Zeit&ldquo; wird diese Umkehr bisheriger Familienf&ouml;rderung schon <a href=\"http:\/\/www.zeit.de\/2005\/19\/FamilienPolitik\" title=\"Externer Link zu http:\/\/www.zeit.de\/2005\/19\/FamilienPolitik\">gro&szlig; gefeiert<\/a>. &ndash; In den NachDenkSeiten konnten Sie dazu schon viel lesen. Nutzen Sie unsere Suchfunktion. &ndash; Dennoch sp&auml;ter dazu mehr.<\/li>\n<\/ol>\n","protected":false},"excerpt":{"rendered":"<p>Als ich vor mehr als zwei Jahren zum ersten Mal den Begriff &bdquo;kollektiver Wahn&ldquo; verwandte, um damit die ruin&ouml;sen Denkfehler und tr&uuml;gerischen Hirngespinste unserer Meinungsf&uuml;hrer zu kritisieren, wonach hierzulande alles marode sei und st&auml;ndig alles umgekrempelt werden m&uuml;sse, glaubte ich nicht, dass sich solche Hirngespinste noch lange aufrecht erhalten lassen w&uuml;rden. Ich werde leider t&auml;glich<\/p>\n<div class=\"readMore\"><a class=\"moretag\" href=\"https:\/\/www.nachdenkseiten.de\/?p=551\">Weiterlesen<\/a><\/div>\n","protected":false},"author":2,"featured_media":0,"comment_status":"closed","ping_status":"open","sticky":false,"template":"","format":"standard","meta":{"spay_email":"","footnotes":""},"categories":[167,137,132],"tags":[318,535],"class_list":["post-551","post","type-post","status-publish","format-standard","hentry","category-familienpolitik","category-steuern-und-abgaben","category-ungleichheit-armut-reichtum","tag-elterngeld","tag-erbschaftsteuer"],"jetpack_featured_media_url":"","_links":{"self":[{"href":"https:\/\/www.nachdenkseiten.de\/index.php?rest_route=\/wp\/v2\/posts\/551","targetHints":{"allow":["GET"]}}],"collection":[{"href":"https:\/\/www.nachdenkseiten.de\/index.php?rest_route=\/wp\/v2\/posts"}],"about":[{"href":"https:\/\/www.nachdenkseiten.de\/index.php?rest_route=\/wp\/v2\/types\/post"}],"author":[{"embeddable":true,"href":"https:\/\/www.nachdenkseiten.de\/index.php?rest_route=\/wp\/v2\/users\/2"}],"replies":[{"embeddable":true,"href":"https:\/\/www.nachdenkseiten.de\/index.php?rest_route=%2Fwp%2Fv2%2Fcomments&post=551"}],"version-history":[{"count":1,"href":"https:\/\/www.nachdenkseiten.de\/index.php?rest_route=\/wp\/v2\/posts\/551\/revisions"}],"predecessor-version":[{"id":32129,"href":"https:\/\/www.nachdenkseiten.de\/index.php?rest_route=\/wp\/v2\/posts\/551\/revisions\/32129"}],"wp:attachment":[{"href":"https:\/\/www.nachdenkseiten.de\/index.php?rest_route=%2Fwp%2Fv2%2Fmedia&parent=551"}],"wp:term":[{"taxonomy":"category","embeddable":true,"href":"https:\/\/www.nachdenkseiten.de\/index.php?rest_route=%2Fwp%2Fv2%2Fcategories&post=551"},{"taxonomy":"post_tag","embeddable":true,"href":"https:\/\/www.nachdenkseiten.de\/index.php?rest_route=%2Fwp%2Fv2%2Ftags&post=551"}],"curies":[{"name":"wp","href":"https:\/\/api.w.org\/{rel}","templated":true}]}}