{"id":56745,"date":"2019-11-29T11:36:36","date_gmt":"2019-11-29T10:36:36","guid":{"rendered":"https:\/\/www.nachdenkseiten.de\/?p=56745"},"modified":"2019-12-02T08:38:29","modified_gmt":"2019-12-02T07:38:29","slug":"morgen-haben-die-nachdenkseiten-geburtstag-anlass-fuer-ein-dickes-dankeschoen-und-drei-geburtstagswuensche","status":"publish","type":"post","link":"https:\/\/www.nachdenkseiten.de\/?p=56745","title":{"rendered":"Morgen haben die NachDenkSeiten Geburtstag. Anlass f\u00fcr ein dickes Dankesch\u00f6n und drei Geburtstagsw\u00fcnsche"},"content":{"rendered":"<p>Die Arbeit f&uuml;r die NachDenkSeiten ist einerseits hart und manchmal nervig, weil es Leute gibt, die unsere Aufkl&auml;rungsarbeit nicht m&ouml;gen und deshalb poltern. Sie ist andererseits sch&ouml;n, weil viele unserer Leserinnen und Leser ausgesprochen freundliche und freundschaftliche Mails schreiben. Danke vielmals. Drei Geburtstagsw&uuml;nsche haben wir: 1. Weitersagen, damit der Leserkreis noch gr&ouml;&szlig;er wird. 2. Der NachDenkSeiten-F&ouml;rderverein braucht Ihre Unterst&uuml;tzung. <a href=\"https:\/\/www.nachdenkseiten.de\/?p=56376\">Siehe hier<\/a>. 3. Mitdenken und Mitwirken beim Aufbau eines Wir-Gef&uuml;hls der aufgekl&auml;rten Zeitgenossen.<br>\n<!--more--><br>\nZun&auml;chst zur Bitte um besondere Unterst&uuml;tzung: NachDenkSeiten-Leserinnen und -Leser wissen, dass wir uns immer wieder darum bem&uuml;hen, Ihnen Informationen zu liefern, die Ihnen helfen, die g&auml;ngige und immer dreister werdende Propaganda und Politik zu durchschauen. Wir bem&uuml;hen uns um differenzierte Betrachtung. Das kostet Kraft und Zeit. Wir f&uuml;llen L&uuml;cken. Wir berichten zum Beispiel von gezielten und offenbar abgesprochenen L&uuml;gen wie im Falle Boliviens und anderer L&auml;nder Lateinamerikas. Wir versuchen, durch Aufkl&auml;rung zu helfen. So im Falle des menschenverachtenden Umgangs mit Assange. Das geht uns alle an, weil hier versucht wird, Menschen und Organisationen wie Wikileaks mundtot zu machen. Wir stemmen uns gegen die Militarisierung der Politik und im konkreten Fall gegen die umfassende Auslieferung unseres Landes und Europas an die USA und die NATO.<\/p><p>In diesen verr&uuml;ckten Zeiten ist diese Aufkl&auml;rungsarbeit ausgesprochen schwierig. Obwohl wir alle weit jenseits der normalen Arbeitsbelastung arbeiten, brauchen wir Verst&auml;rkung. Das kostet. Ihre finanzielle Unterst&uuml;tzung ist wirklich n&ouml;tig. Wir danken allen, die diese schon leisten und wiederholen zugleich die Bitte um Ihre besondere Spende zum Jahresausklang. <a href=\"https:\/\/www.nachdenkseiten.de\/?p=56376\">Dazu siehe hier<\/a>.<\/p><p>Noch eine Erg&auml;nzung zum Weitersagen. Das ist sehr wichtig. Nach unserer Erfahrung gibt es sehr viele Menschen, die noch keine Kenntnis davon haben, dass es kritische Begleiter des Geschehens wie die NachDenkSeiten gibt. Es gibt sogar solche, die noch nichts von der &bdquo;Anstalt&ldquo; geh&ouml;rt haben. Aber viele dieser Menschen sind zugleich erstaunlich aufgeschlossen f&uuml;r neue Informationen, weil sie ein sicheres Gesp&uuml;r daf&uuml;r haben, dass vieles nicht stimmt und dass schlechte Politik st&auml;ndig von clever ausgedachten Kampagnen der Meinungsbeeinflussung &uuml;berlagert wird.<\/p><p>Bitte nutzen Sie Ihre E-Mail Verteiler und auch die M&ouml;glichkeit, einzelne Artikel auszudrucken und weiterzugeben. Zu diesem Zweck gibt es die PDFs und von manchen Artikeln auch gestaltete PDFs.<\/p>\n","protected":false},"excerpt":{"rendered":"<p>Die Arbeit f&uuml;r die NachDenkSeiten ist einerseits hart und manchmal nervig, weil es Leute gibt, die unsere Aufkl&auml;rungsarbeit nicht m&ouml;gen und deshalb poltern. Sie ist andererseits sch&ouml;n, weil viele unserer Leserinnen und Leser ausgesprochen freundliche und freundschaftliche Mails schreiben. Danke vielmals. Drei Geburtstagsw&uuml;nsche haben wir: 1. Weitersagen, damit der Leserkreis noch gr&ouml;&szlig;er wird. 2. Der<\/p>\n<div class=\"readMore\"><a class=\"moretag\" href=\"https:\/\/www.nachdenkseiten.de\/?p=56745\">Weiterlesen<\/a><\/div>\n","protected":false},"author":11,"featured_media":0,"comment_status":"closed","ping_status":"closed","sticky":false,"template":"","format":"standard","meta":{"spay_email":"","footnotes":""},"categories":[35,212],"tags":[445,243],"class_list":["post-56745","post","type-post","status-publish","format-standard","hentry","category-aufbau-gegenoeffentlichkeit","category-gedenktagejahrestage","tag-danksagung","tag-in-eigener-sache"],"jetpack_featured_media_url":"","_links":{"self":[{"href":"https:\/\/www.nachdenkseiten.de\/index.php?rest_route=\/wp\/v2\/posts\/56745","targetHints":{"allow":["GET"]}}],"collection":[{"href":"https:\/\/www.nachdenkseiten.de\/index.php?rest_route=\/wp\/v2\/posts"}],"about":[{"href":"https:\/\/www.nachdenkseiten.de\/index.php?rest_route=\/wp\/v2\/types\/post"}],"author":[{"embeddable":true,"href":"https:\/\/www.nachdenkseiten.de\/index.php?rest_route=\/wp\/v2\/users\/11"}],"replies":[{"embeddable":true,"href":"https:\/\/www.nachdenkseiten.de\/index.php?rest_route=%2Fwp%2Fv2%2Fcomments&post=56745"}],"version-history":[{"count":3,"href":"https:\/\/www.nachdenkseiten.de\/index.php?rest_route=\/wp\/v2\/posts\/56745\/revisions"}],"predecessor-version":[{"id":56748,"href":"https:\/\/www.nachdenkseiten.de\/index.php?rest_route=\/wp\/v2\/posts\/56745\/revisions\/56748"}],"wp:attachment":[{"href":"https:\/\/www.nachdenkseiten.de\/index.php?rest_route=%2Fwp%2Fv2%2Fmedia&parent=56745"}],"wp:term":[{"taxonomy":"category","embeddable":true,"href":"https:\/\/www.nachdenkseiten.de\/index.php?rest_route=%2Fwp%2Fv2%2Fcategories&post=56745"},{"taxonomy":"post_tag","embeddable":true,"href":"https:\/\/www.nachdenkseiten.de\/index.php?rest_route=%2Fwp%2Fv2%2Ftags&post=56745"}],"curies":[{"name":"wp","href":"https:\/\/api.w.org\/{rel}","templated":true}]}}