{"id":57385,"date":"2020-01-02T11:19:11","date_gmt":"2020-01-02T10:19:11","guid":{"rendered":"https:\/\/www.nachdenkseiten.de\/?p=57385"},"modified":"2020-01-02T16:02:24","modified_gmt":"2020-01-02T15:02:24","slug":"merkels-neujahrsbotschaft-belanglos-dagegen-priol-im-jahresrueckblick-mit-einer-reihe-von-denkanstoessen","status":"publish","type":"post","link":"https:\/\/www.nachdenkseiten.de\/?p=57385","title":{"rendered":"Merkels Neujahrsbotschaft \u2013 belanglos. Dagegen Priol im Jahresr\u00fcckblick mit einer Reihe von Denkanst\u00f6\u00dfen."},"content":{"rendered":"<p>Beide medialen Ereignisse treffen am Jahresende aufeinander. Die Bundeskanzlerin klopfte sich selbst und m&ouml;glichst vielen anderen Gruppen auf die Schultern. Ihre Neujahrsansprache (Hier im <a href=\"https:\/\/www.zdf.de\/nachrichten\/heute\/neujahrsansprache-kanzlerin-merkel-20er-jahre-koennen-gute-jahre-werden-100.html\">Video<\/a> und hier im hinteren Teil der <a href=\"https:\/\/www.morgenpost.de\/politik\/article228028509\/Merkels-Neujahrsansprache-Klimawandel-real-und-bedrohlich-Sendetermin-und-Rede-im-Wortlaut.html\">Text<\/a>) war d&uuml;nn, nicht nur wegen der K&uuml;rze. Urban Priol sprach in seinem Jahresr&uuml;ckblick auf 3Sat wichtige Ereignisse des vergangenen Jahres an, hinterfragte kritisch und regt zum Nachdenken an. Wenn Sie Zeit finden, die Sendung nachzuh&ouml;ren\/-schauen, <a href=\"https:\/\/www.3sat.de\/kabarett\/kabarett-in-3sat\/urban-priol-tilt-2019-102.html\">Priols R&uuml;ckblick lohnt sich<\/a>. Einige Hinweise zu den Inhalten folgen. <strong>Albrecht M&uuml;ller<\/strong><br>\n<!--more--><br>\n<strong>Ein paar Anmerkungen zur Ansprache der Bundeskanzlerin:<\/strong><\/p><ul>\n<li>Die Ansammlung von Spr&uuml;chen ist kaum auszuhalten: digitales Zeitalter, digitaler Fortschritt, noch nie hatten so viele Menschen Arbeit wie heute; wir wollen, dass alle Menschen Zugang zu der Bildung haben, die sie f&uuml;r die Bew&auml;ltigung des Wandels brauchen; Mut zu neuem Denken usw. &hellip; Die Zwanzigerjahre werden gute Jahre, wenn wir unsere St&auml;rke nutzen, wenn wir auf das setzen, was uns verbindet, wenn wir uns daran erinnern, was wir in den letzten Jahrzehnten gemeinsam erreicht haben usw.<\/li>\n<li>Merkel erinnert daran, dass sie auch in den vergangenen Jahren oft gesagt habe, dass es auch Deutschland auf Dauer nur dann gut geht, wenn es auch Europa gut geht. &ndash; Da muss man ja wohl fragen, was diese Bundesregierung getan hat, um daf&uuml;r zu sorgen, dass es anderen V&ouml;lkern in Europa gut geht. Die von Merkel und ihren Finanzministern angef&uuml;hrte Wirtschafts- und W&auml;hrungspolitik ist daf&uuml;r verantwortlich, dass es vielen V&ouml;lkern Europas ausgesprochen schlecht geht. Das gilt f&uuml;r die L&auml;nder des Balkans bis nach Griechenland und auch f&uuml;r Spanien und Italien. Dass diese L&auml;nder massiv Industrien verloren haben und dass gro&szlig;e Teile der Jugend ihr Gl&uuml;ck in den bessergestellten L&auml;ndern Europas suchen, ist doch nicht zu &uuml;bersehen. Dann kann man doch nicht solche Spr&uuml;che klopfen. &ndash; Europa geht es nicht gut. Wirtschaftlich nicht und politisch auch nicht.<\/li>\n<li>Angela Merkel sieht immerhin in der Erderw&auml;rmung und im Klimawandel ein gro&szlig;es Problem, ein menschengemachtes Problem. Aber die Tatsache, dass die Bew&auml;ltigung dieses Problems Jahre und Jahrzehnte verschlafen worden ist, spricht sie nicht an. Im Gegenteil, sie besch&ouml;nigt. W&ouml;rtlich: &bdquo;Ich bin mit meinen 65 Jahren in einem Alter, in dem ich pers&ouml;nlich nicht mehr alle Folgen des Klimawandels erleben werde, die sich einstellen w&uuml;rden, wenn die Politik nicht handelte.&rdquo; Und dann weiter meint sie, es seien ja &ldquo;unsere Kinder und Enkel, die mit den Folgen dessen leben m&uuml;ssen, was wir heute tun oder unterlassen&rdquo;. &ndash; Kein Wort dazu, was auch in der Zeit ihrer Verantwortung schon unterlassen und vers&auml;umt worden ist und sogar verschlimmert worden ist.<\/li>\n<\/ul><p><strong>Bei Urban Priol gibt es dazu eine passende Anmerkung:<\/strong><\/p><ul>\n<li>Angela Merkel ist jetzt schon 14 Jahre lang Bundeskanzlerin und war davor vier Jahre lang Umweltministerin. In dieser Zeit h&auml;tte wirklich schon sehr viel geschehen k&ouml;nnen und geschehen m&uuml;ssen, um hierzulande, in Europa und in der Welt etwas gegen Klimawandel und all die anderen Gefahren, die die Zukunft unserer Kinder und Enkel betreffen, zu tun. Merkels Umweltbilanz ist nicht gut.<\/li>\n<\/ul><p><strong>Priols kritische Anmerkungen und Denkanst&ouml;&szlig;e, unter anderem:<\/strong><\/p><ul>\n<li>Wie aus Manfred (Weber) als potentiellem EU-Kommissionspr&auml;sident Ursel (von der Leyen) wurde, das sei das Schurkenst&uuml;ck des Jahres, so Priol. Merkel habe Uschi von der Leyen und damit eine ihrer unf&auml;higsten Minister nach Br&uuml;ssel geschickt. Die Kommission wird als Verschiebebahnhof f&uuml;r dritt-klassiges Personal benutzt. Die Medien seien trotzdem voll des Lobes gewesen &uuml;ber diesen Vorgang.<\/li>\n<li>Urban Priol wies darauf hin, wie wichtig das Verhalten der Menschen untereinander und damit der Umgang miteinander sei. Das m&uuml;sste aus seiner Sicht wohl eines der gro&szlig;en k&uuml;nftigen politischen Themen sein. Siehe dazu auch die verwandten Texte auf den NachDenkSeiten:<br>\n<a href=\"https:\/\/www.nachdenkseiten.de\/?p=45173\">Ist die Frage, wie wir miteinander umgehen, eine politische Frage?<\/a><br>\nBei der Geschwindigkeitsbegrenzung geht es nicht nur um km\/h, es geht auch um den &ldquo;Geist&rdquo;, der unser Zusammenleben pr&auml;gen soll.<\/li>\n<li>Priol kritisierte das Altmaier-Vorhaben Weltraumfahrt.<\/li>\n<li>Er spie&szlig;te den Begriff &ldquo;Verschmutzungsrechte&rdquo; auf. Es gibt kein Recht auf Verschmutzung. Usw., usf.<\/li>\n<li>Urban Priol wies im Zusammenhang mit der Frage, ob Klimawandel und Umweltbelastung menschengemacht seien, sarkastisch auf den Plastikm&uuml;ll im Meer hin. 2020 werden wir Plastikm&uuml;ll-Exportweltmeister! &ldquo;2020 wird wieder genauso bescheuert wie 2019. Machen wir das Beste draus, strengen wir uns an&rdquo; &ndash; so Priols Abschluss.<\/li>\n<\/ul><p>Seine Sendung war ein wirklich sehenswertes St&uuml;ck.<\/p>\n","protected":false},"excerpt":{"rendered":"<p>Beide medialen Ereignisse treffen am Jahresende aufeinander. Die Bundeskanzlerin klopfte sich selbst und m&ouml;glichst vielen anderen Gruppen auf die Schultern. Ihre Neujahrsansprache (Hier im <a href=\"https:\/\/www.zdf.de\/nachrichten\/heute\/neujahrsansprache-kanzlerin-merkel-20er-jahre-koennen-gute-jahre-werden-100.html\">Video<\/a> und hier im hinteren Teil der <a href=\"https:\/\/www.morgenpost.de\/politik\/article228028509\/Merkels-Neujahrsansprache-Klimawandel-real-und-bedrohlich-Sendetermin-und-Rede-im-Wortlaut.html\">Text<\/a>) war d&uuml;nn, nicht nur wegen der K&uuml;rze. Urban Priol sprach in seinem Jahresr&uuml;ckblick auf 3Sat wichtige Ereignisse des vergangenen Jahres an,<\/p>\n<div class=\"readMore\"><a class=\"moretag\" href=\"https:\/\/www.nachdenkseiten.de\/?p=57385\">Weiterlesen<\/a><\/div>\n","protected":false},"author":2,"featured_media":57386,"comment_status":"closed","ping_status":"closed","sticky":false,"template":"","format":"standard","meta":{"spay_email":"","footnotes":""},"categories":[177,41,11],"tags":[2733,1722,315,316,258,2061,626,2606],"class_list":["post-57385","post","type-post","status-publish","format-standard","has-post-thumbnail","hentry","category-klimawandel","category-medienanalyse","category-strategien-der-meinungsmache","tag-erderwaermung","tag-jahresrueckblick","tag-merkel-angela","tag-neujahrsansprache","tag-priol-urban","tag-umweltverschmutzung","tag-von-der-leyen-ursula","tag-weber-manfred"],"jetpack_featured_media_url":"https:\/\/www.nachdenkseiten.de\/wp-content\/uploads\/2020\/01\/200102_am.png","_links":{"self":[{"href":"https:\/\/www.nachdenkseiten.de\/index.php?rest_route=\/wp\/v2\/posts\/57385","targetHints":{"allow":["GET"]}}],"collection":[{"href":"https:\/\/www.nachdenkseiten.de\/index.php?rest_route=\/wp\/v2\/posts"}],"about":[{"href":"https:\/\/www.nachdenkseiten.de\/index.php?rest_route=\/wp\/v2\/types\/post"}],"author":[{"embeddable":true,"href":"https:\/\/www.nachdenkseiten.de\/index.php?rest_route=\/wp\/v2\/users\/2"}],"replies":[{"embeddable":true,"href":"https:\/\/www.nachdenkseiten.de\/index.php?rest_route=%2Fwp%2Fv2%2Fcomments&post=57385"}],"version-history":[{"count":5,"href":"https:\/\/www.nachdenkseiten.de\/index.php?rest_route=\/wp\/v2\/posts\/57385\/revisions"}],"predecessor-version":[{"id":57398,"href":"https:\/\/www.nachdenkseiten.de\/index.php?rest_route=\/wp\/v2\/posts\/57385\/revisions\/57398"}],"wp:featuredmedia":[{"embeddable":true,"href":"https:\/\/www.nachdenkseiten.de\/index.php?rest_route=\/wp\/v2\/media\/57386"}],"wp:attachment":[{"href":"https:\/\/www.nachdenkseiten.de\/index.php?rest_route=%2Fwp%2Fv2%2Fmedia&parent=57385"}],"wp:term":[{"taxonomy":"category","embeddable":true,"href":"https:\/\/www.nachdenkseiten.de\/index.php?rest_route=%2Fwp%2Fv2%2Fcategories&post=57385"},{"taxonomy":"post_tag","embeddable":true,"href":"https:\/\/www.nachdenkseiten.de\/index.php?rest_route=%2Fwp%2Fv2%2Ftags&post=57385"}],"curies":[{"name":"wp","href":"https:\/\/api.w.org\/{rel}","templated":true}]}}