{"id":57873,"date":"2020-01-22T12:00:14","date_gmt":"2020-01-22T11:00:14","guid":{"rendered":"https:\/\/www.nachdenkseiten.de\/?p=57873"},"modified":"2020-01-22T12:23:44","modified_gmt":"2020-01-22T11:23:44","slug":"uebersicht-ueber-die-naechsten-veranstaltungen-und-buchlesungen-mit-albrecht-mueller","status":"publish","type":"post","link":"https:\/\/www.nachdenkseiten.de\/?p=57873","title":{"rendered":"\u00dcbersicht \u00fcber die n\u00e4chsten Veranstaltungen und Buchlesungen mit Albrecht M\u00fcller"},"content":{"rendered":"<p>Damit sich interessierte Leserinnen und Leser informieren und f&uuml;r sich selbst disponieren k&ouml;nnen, werden im Folgenden die Termine kurz aufgelistet. Die Liste beginnt mit einer Veranstaltung in Saarbr&uuml;cken heute um 19:00 Uhr. &Uuml;berall sind Sie herzlich eingeladen.<br>\n<!--more--><\/p><ul>\n<li><strong>Mittwoch, 22.1.2020, 19:00 Uhr<\/strong> in der Kongresshalle Saarbr&uuml;cken, Saal Ost. Eintritt frei\n<div class=\"imagewrap\"><a href=\"https:\/\/www.nachdenkseiten.de\/upload\/bilder\/200122-veranstaltungen-01.png\"><img decoding=\"async\" src=\"https:\/\/www.nachdenkseiten.de\/upload\/bilder\/200122-veranstaltungen-01.png\" alt=\"\" title=\"\"><span><\/span><\/a><\/div>\n<\/li>\n<li><strong>Donnerstag, 30. Januar 2020, 20:05 Uhr bis 21:00 Uhr. Funkhausgespr&auml;ch<\/strong> im Kleinen Sendesaal des WDR Funkhaus Wallraffplatz. Thema: Journalismus im digitalen Zeitalter. Ausstrahlung in WDR 5. Wiederholungen <a href=\"https:\/\/www.wdr.de\/programmvorschau\/wdr5\/sendung\/2020-01-30\/44173755\/funkhausgespraeche.html\">siehe hier<\/a>.<\/li>\n<li><strong><a href=\"https:\/\/www.die-anstifter.de\/veranstaltungen\/vortrag-und-diskussion-mit-albrecht-mueller-glaube-wenig-hinterfrage-alle-denke-selbst-wie-man-manipulationen-durchschaut\/\">Donnerstag, 6. Februar 2020, 19:00 Uhr. Die Anstifter in Stuttgart.<\/a><\/strong>\n<div class=\"imagewrap\"><a href=\"https:\/\/www.nachdenkseiten.de\/upload\/bilder\/200122-veranstaltungen-02.png\"><img decoding=\"async\" src=\"https:\/\/www.nachdenkseiten.de\/upload\/bilder\/200122-veranstaltungen-02.png\" alt=\"\" title=\"\"><span><\/span><\/a><\/div>\n<\/li>\n<li><strong>Mittwoch, 12. Februar 2020, Aachen, Haus der Evangelischen Kirche. 18:00 Uhr<\/strong><br>\nEine gemeinsame Veranstaltung der Volkshochschule Aachen in Zusammenarbeit mit Attac Aachen, LOGOI &ndash; Institut f&uuml;r Philosophie und Diskurs, der Bisch&ouml;flichen Akademie Aachen, dem Evangelischen Erwachsenbildungswerk im Kirchenkreis Aachen und dem Eine Welt Forum Aachen e.V.<br>\nThema: Das Internet bedroht die Demokratie &ndash; EINWAND: Die gr&ouml;&szlig;ere Bedrohung sind die gesteuerten Kampagnen der dominierenden Medien.<\/li>\n<li><strong>Montag 17. Februar 19:00 Uhr, Pforzheim, PZ Forum.<\/strong>  Poststra&szlig;e\/Ecke Luisenstra&szlig;e 75172 Pforzheim. Veranstalter: Pforzheimer Zeitung. Buchlesung &bdquo;Glaube wenig. Hinterfrage alles. Denke selbst.&ldquo;<\/li>\n<li><strong>Mittwoch, 11. M&auml;rz 2020, 19:00 Uhr Heilbronn. Volkshochschule<\/strong>, Kirchbrunnenstra&szlig;e 12<br>\nGlaube wenig, Hinterfrage alles, Denke selbst<br>\nVortrag und Diskussion<\/li>\n<li><strong>Samstag, 14. M&auml;rz, nachmittags. Pfaffenhofen\/Ilm.<\/strong> Genaues zu Ort, Zeitpunkt, Thema und Veranstalter wird noch bekanntgegeben.<\/li>\n<li><strong>Donnerstag, 2. April 2020, 19:30 Uhr. Karlsruhe Hemingway Lounge.<\/strong> Talk Ullrich Eidenm&uuml;ller im Rahmen &bdquo;music, life et cetera&ldquo; mit Albrecht M&uuml;ller als einem der letzten Zeitzeugen der politischen Arbeit mit Willy Brandt.<\/li>\n<li><strong>Samstag, 4. April 2020. Abendveranstaltung, vermutlich 18:00 Uhr. Ost-West Forum Gut G&ouml;delitz.<\/strong> &bdquo;Glaube wenig &hellip; Denke selbst&ldquo;. <a href=\"https:\/\/gut-goedelitz.de\/forum-2\/veranstaltungen\/\">Siehe auch hier<\/a>.<\/li>\n<\/ul>\n","protected":false},"excerpt":{"rendered":"<p>Damit sich interessierte Leserinnen und Leser informieren und f&uuml;r sich selbst disponieren k&ouml;nnen, werden im Folgenden die Termine kurz aufgelistet. Die Liste beginnt mit einer Veranstaltung in Saarbr&uuml;cken heute um 19:00 Uhr. &Uuml;berall sind Sie herzlich eingeladen.<\/p>\n","protected":false},"author":11,"featured_media":0,"comment_status":"closed","ping_status":"closed","sticky":false,"template":"","format":"standard","meta":{"spay_email":"","footnotes":""},"categories":[211],"tags":[2727,300],"class_list":["post-57873","post","type-post","status-publish","format-standard","hentry","category-veranstaltungshinweiseveranstaltungen","tag-glaube-wenig-buch","tag-mueller-albrecht"],"jetpack_featured_media_url":"","_links":{"self":[{"href":"https:\/\/www.nachdenkseiten.de\/index.php?rest_route=\/wp\/v2\/posts\/57873","targetHints":{"allow":["GET"]}}],"collection":[{"href":"https:\/\/www.nachdenkseiten.de\/index.php?rest_route=\/wp\/v2\/posts"}],"about":[{"href":"https:\/\/www.nachdenkseiten.de\/index.php?rest_route=\/wp\/v2\/types\/post"}],"author":[{"embeddable":true,"href":"https:\/\/www.nachdenkseiten.de\/index.php?rest_route=\/wp\/v2\/users\/11"}],"replies":[{"embeddable":true,"href":"https:\/\/www.nachdenkseiten.de\/index.php?rest_route=%2Fwp%2Fv2%2Fcomments&post=57873"}],"version-history":[{"count":4,"href":"https:\/\/www.nachdenkseiten.de\/index.php?rest_route=\/wp\/v2\/posts\/57873\/revisions"}],"predecessor-version":[{"id":57877,"href":"https:\/\/www.nachdenkseiten.de\/index.php?rest_route=\/wp\/v2\/posts\/57873\/revisions\/57877"}],"wp:attachment":[{"href":"https:\/\/www.nachdenkseiten.de\/index.php?rest_route=%2Fwp%2Fv2%2Fmedia&parent=57873"}],"wp:term":[{"taxonomy":"category","embeddable":true,"href":"https:\/\/www.nachdenkseiten.de\/index.php?rest_route=%2Fwp%2Fv2%2Fcategories&post=57873"},{"taxonomy":"post_tag","embeddable":true,"href":"https:\/\/www.nachdenkseiten.de\/index.php?rest_route=%2Fwp%2Fv2%2Ftags&post=57873"}],"curies":[{"name":"wp","href":"https:\/\/api.w.org\/{rel}","templated":true}]}}