{"id":59388,"date":"2020-03-18T12:50:16","date_gmt":"2020-03-18T11:50:16","guid":{"rendered":"https:\/\/www.nachdenkseiten.de\/?p=59388"},"modified":"2020-03-18T14:08:11","modified_gmt":"2020-03-18T13:08:11","slug":"unterschiedliche-ansichten-und-einsichten-muessen-moeglich-sein-und-auch-besprochen-werden-koennen-eine-anregung-fuer-nds-leser-und-leserinnen","status":"publish","type":"post","link":"https:\/\/www.nachdenkseiten.de\/?p=59388","title":{"rendered":"Unterschiedliche Ansichten und Einsichten m\u00fcssen m\u00f6glich sein und auch besprochen werden k\u00f6nnen. Eine Anregung f\u00fcr NDS-Leser und -Leserinnen"},"content":{"rendered":"<p>In diesen Tagen erhalten wir gelegentlich harsche bis aggressive Mails, oft nur, weil wir nicht gleich befolgen, was gefordert wird. Oder es wird hart kritisiert, wenn auch abweichende Meinungen zur Sprache kommen. Oder es wird kritisiert, dass sie <strong>nicht<\/strong> zur Sprache kommen. Was von uns klar und wiederholt formuliert wurde, wird oft einfach &uuml;bersehen. Selektive Wahrnehmung. Es gibt aber insgesamt viele sehr differenzierte Meinungs&auml;u&szlig;erungen und Verst&auml;ndnis f&uuml;r die Art unserer Arbeit. Aber vieles ist schon sehr verwunderlich. Auf einiges will ich als Herausgeber der NachDenkSeiten eingehen. <strong>Albrecht M&uuml;ller<\/strong>.<br>\n<!--more--><\/p><ol>\n<li><strong>Wodarg und Drosten<\/strong><br>\nWir haben auch die Position von Dr. Wodarg dargestellt. Zum Beispiel mit dem Hinweis auf frontal 21 in diesem Beitrag vom 12. M&auml;rz &ldquo;<a href=\"https:\/\/www.nachdenkseiten.de\/?p=59240\">Ein paar grunds&auml;tzliche Anmerkungen zum Umgang der NachDenkSeiten mit strittigen Problemen<\/a>&ldquo;. Davon unbeeindruckt tun einige Leserbriefschreiber so, als h&auml;tten wir ihre Position unterschlagen. Auch die Tatsache, dass wir uns genau &uuml;berlegt hatten, was zur besseren Erkenntnis und zum Verst&auml;ndnis der verschiedenen Positionen sinnvoll w&auml;re, wird gelegentlich schlicht ignoriert. Und dann wird ein Interview der NachDenkSeiten mit Herrn Dr. Wodarg gefordert, obwohl es inzwischen viele Interviews gibt und seine Position auch auf seiner Website eingesehen werden kann. &ndash; Das erzeugt insgesamt eine unn&ouml;tige Schieflage.\n<p>Auch die Tatsache, dass wir kein Duell im eigentlichen Sinn dieses Wortes vorgeschlagen hatten, wird von manchen Lesern einfach ignoriert. Fest gefasste Meinungen werden wiederholt und breitgetreten. Deshalb die Anregung,  einfach mal Luft zu holen.<\/p>\n<p>Ein Lagerwahlkampf ist bei dieser Sache wirklich nicht angebracht.<\/p>\n<p>Vielleicht kann ich die Anh&auml;nger von Dr. Wodarg dadurch etwas vers&ouml;hnen, dass ich auf einen Beitrag des SWR von 2010 verweise, den ich gestern beim Aufr&auml;umen im Archiv gefunden habe. Da ging es um &bdquo;<a href=\"https:\/\/www.nachdenkseiten.de\/upload\/pdf\/200318-Bericht-ueber-Schweinegrippe-von-Januar-Tagesschau-SWR-2010-Scannen.pdf\">Schweinegrippe &ndash; ein gro&szlig;er Bluff<\/a>&ldquo;. <\/p><\/li>\n<li><strong>Merkels Show und die Flaggen<\/strong>\n<p>In diesem Beitrag &bdquo;<a href=\"https:\/\/www.nachdenkseiten.de\/?p=59360\">&Uuml;ber einen fast schon obsz&ouml;nen Auftritt der Bundeskanzlerin und die wahrscheinlichen politischen Folgen der gro&szlig;en Show<\/a>&ldquo; war die Show mit sechs Flaggen kritisiert worden. An einigen Reaktionen auf unserer Facebook-Seite musste ich feststellen, dass ich offensichtlich aus einer anderen Zeit komme. In meiner Jugendzeit und auch sp&auml;ter in den sechziger Jahren des letzten Jahrhunderts w&auml;ren wir nie auf die Idee gekommen, mit der Nationalflagge am Auto durch die Gegend zu fahren oder diese auf dem Fu&szlig;ballfeld zu schwenken oder gar am eigens installierten Fahnenmast auf dem eigenen Grundst&uuml;ck wehen zu lassen. Die Zeiten haben sich offenbar ge&auml;ndert. Dennoch darf man ja vielleicht darauf verweisen, dass in diesem Fall die fr&uuml;heren Zeiten ohne den Hauch von Nationalismus und seine Ein&uuml;bung eindeutig die besseren waren.<\/p>\n<p>In den Eintr&auml;gen bei Facebook ist auch einiges mehr sichtbar geworden: Die Feststellung, dass die politisch Verantwortlichen in der Gesundheitspolitik durch mangelnde Vorbereitung, durch Privatisierung der Krankenh&auml;user und Auslagerung der Labors viel Mist hinterlassen haben, wird von vielen nicht geteilt. Es wird sichtbar, dass viele Merkel-Anh&auml;nger in diesen Medien unterwegs sind. Trolle sowieso.<\/p>\n<p>Die Schonung der politisch Verantwortlichen ist aus meiner Sicht nicht angebracht, auch deshalb nicht, weil deren aus meiner Sicht &uuml;bertriebene Beschl&uuml;sse zur Stilllegung unseres Landes weitreichende Folgen haben werden. Auf die sozialen Folgen f&uuml;r die finanziell Schw&auml;cheren in unserer Gesellschaft haben wir schon mehrmals hingewiesen. Vermutlich w&uuml;rden die Beschl&uuml;sse auch gravierende Folgen f&uuml;r die Eigentumsverh&auml;ltnisse an deutschen Unternehmen haben.<\/p>\n<p>Damit bin ich beim dritten Punkt:<\/p><\/li>\n<li><strong>Darf man gewagte Vermutungen noch zur Debatte stellen?<\/strong>\n<p>2006 hatte ich im Anschluss an &bdquo;Die Reforml&uuml;ge&ldquo; ein Buch mit dem Titel &bdquo;Machtwahn&ldquo; ver&ouml;ffentlicht. Darin gibt es einschl&auml;gige Texte, &uuml;berschrieben mit: &bdquo;Wie kommt man schnell zu viel Geld?&ldquo; und &bdquo;Handel mit Verm&ouml;genswerten statt Wertsch&ouml;pfung&ldquo;. Die entsprechenden Seiten habe ich gescannt. <a href=\"https:\/\/www.nachdenkseiten.de\/upload\/pdf\/200318-Auszug-aus-Macht-waren-wie-kommt-man-schnell-zu-Geld.pdf\">Siehe hier<\/a>. <\/p>\n<p>Die Hauptbotschaft f&uuml;r heute lautet: Durch die jetzt beschlossenen Ma&szlig;nahmen k&ouml;nnen zahlreiche Unternehmen in Deutschland in eine bedrohliche Schieflage geraten. Sie werden damit zu &Uuml;bernahmekandidaten f&uuml;r die gro&szlig;en Hedgefonds und andere Verm&ouml;genssammelstellen. Insbesondere f&uuml;r angels&auml;chsische Fonds verschiedener Art w&auml;re das dann ein &bdquo;gefundenes Fressen&ldquo;. <\/p>\n<p>K&ouml;nnen, wollen Sie ausschlie&szlig;en, dass hierzu nachgeholfen worden ist? Zumindest muss man wohl annehmen, dass die politisch entscheidenden Personen diese Folgen f&uuml;r die &bdquo;Verm&ouml;gensstruktur&ldquo; unseres Landes und seiner Wirtschaft nicht im Blick hatten oder nicht beachtet hatten, als sie die vergleichsweise radikalen Beschl&uuml;sse zur Stilllegung unserer Gesellschaft und Wirtschaft beschlossen haben. <\/p>\n<p>M&uuml;ssen wir Macher der NachDenkSeiten diese Gedanken verschweigen, weil wir mit der Ver&ouml;ffentlichung dieser Gedanken in der Gefahr stehen, wieder einmal zu Verschw&ouml;rungstheoretikern etikettiert zu werden?<\/p>\n<p>Meine kleine Bitte: etwas mehr Gelassenheit bei der Beobachtung, etwas mehr Zur&uuml;ckhaltung bei der Etikettierung.<\/p><\/li>\n<\/ol><p><strong>Zum Abschluss und zur G&uuml;te noch ein wirklich freundlicher Leserinnenbrief, besonders zu beachten wegen des Hinweises auf andere wichtige Themen:<\/strong><\/p><p>Liebe Nachdenkende,<\/p><p>Seit ein paar Wochen lese ich regelm&auml;&szlig;ig Ihre Beitr&auml;ge und m&ouml;chte Ihnen meinen herzlichen Dank ausrichten. Sie sind eine gro&szlig;e Inspiration f&uuml;r mein Alltagshirn. Ich finde es sehr erfrischend, hier Meinungen und Kommentare zu finden, die auch mal anders als meine und auch mal anders sind als die ewig gleichen und gleichgeschalteten.<\/p><p>Und meinen besonderen Dank daf&uuml;r, dass Sie in diesen Corona-Hysterie-Zeiten auch Platz f&uuml;r genauso wichtige Themen haben.<\/p><p>Macht weiter so!<\/p><p>Viele Gr&uuml;&szlig;e aus Mecklenburg<br>\nRita Eggert<\/p>\n","protected":false},"excerpt":{"rendered":"<p>In diesen Tagen erhalten wir gelegentlich harsche bis aggressive Mails, oft nur, weil wir nicht gleich befolgen, was gefordert wird. Oder es wird hart kritisiert, wenn auch abweichende Meinungen zur Sprache kommen. Oder es wird kritisiert, dass sie <strong>nicht<\/strong> zur Sprache kommen. Was von uns klar und wiederholt formuliert wurde, wird oft einfach &uuml;bersehen. Selektive<\/p>\n<div class=\"readMore\"><a class=\"moretag\" href=\"https:\/\/www.nachdenkseiten.de\/?p=59388\">Weiterlesen<\/a><\/div>\n","protected":false},"author":2,"featured_media":0,"comment_status":"closed","ping_status":"closed","sticky":false,"template":"","format":"standard","meta":{"spay_email":"","footnotes":""},"categories":[35,161],"tags":[243,1163,835,413,2847],"class_list":["post-59388","post","type-post","status-publish","format-standard","hentry","category-aufbau-gegenoeffentlichkeit","category-wertedebatte","tag-in-eigener-sache","tag-meinungspluralismus","tag-nationalismus","tag-schlanker-staat","tag-wodarg-wolfgang"],"jetpack_featured_media_url":"","_links":{"self":[{"href":"https:\/\/www.nachdenkseiten.de\/index.php?rest_route=\/wp\/v2\/posts\/59388","targetHints":{"allow":["GET"]}}],"collection":[{"href":"https:\/\/www.nachdenkseiten.de\/index.php?rest_route=\/wp\/v2\/posts"}],"about":[{"href":"https:\/\/www.nachdenkseiten.de\/index.php?rest_route=\/wp\/v2\/types\/post"}],"author":[{"embeddable":true,"href":"https:\/\/www.nachdenkseiten.de\/index.php?rest_route=\/wp\/v2\/users\/2"}],"replies":[{"embeddable":true,"href":"https:\/\/www.nachdenkseiten.de\/index.php?rest_route=%2Fwp%2Fv2%2Fcomments&post=59388"}],"version-history":[{"count":5,"href":"https:\/\/www.nachdenkseiten.de\/index.php?rest_route=\/wp\/v2\/posts\/59388\/revisions"}],"predecessor-version":[{"id":59397,"href":"https:\/\/www.nachdenkseiten.de\/index.php?rest_route=\/wp\/v2\/posts\/59388\/revisions\/59397"}],"wp:attachment":[{"href":"https:\/\/www.nachdenkseiten.de\/index.php?rest_route=%2Fwp%2Fv2%2Fmedia&parent=59388"}],"wp:term":[{"taxonomy":"category","embeddable":true,"href":"https:\/\/www.nachdenkseiten.de\/index.php?rest_route=%2Fwp%2Fv2%2Fcategories&post=59388"},{"taxonomy":"post_tag","embeddable":true,"href":"https:\/\/www.nachdenkseiten.de\/index.php?rest_route=%2Fwp%2Fv2%2Ftags&post=59388"}],"curies":[{"name":"wp","href":"https:\/\/api.w.org\/{rel}","templated":true}]}}