{"id":59546,"date":"2020-03-23T17:02:06","date_gmt":"2020-03-23T16:02:06","guid":{"rendered":"https:\/\/www.nachdenkseiten.de\/?p=59546"},"modified":"2025-02-20T10:46:04","modified_gmt":"2025-02-20T09:46:04","slug":"die-pandemie-wirkt-wie-ein-foerderprogramm-fuer-amazon-halten-wir-dagegen-so-gut-es-ueberhaupt-geht","status":"publish","type":"post","link":"https:\/\/www.nachdenkseiten.de\/?p=59546","title":{"rendered":"Die Pandemie wirkt wie ein F\u00f6rderprogramm f\u00fcr Amazon. Halten wir dagegen, so gut es \u00fcberhaupt geht"},"content":{"rendered":"<p>Die Schlie&szlig;ung der L&auml;den einschlie&szlig;lich der Buchhandlungen f&ouml;rdert alles, was per Paketdienst geliefert werden kann. An vorderer Stelle Amazon. <a href=\"https:\/\/www.zdf.de\/nachrichten\/wirtschaft\/100-000-stellen-ausgeschrieben-amazon-sucht-neue-mitarbeiter-100.html\">Das ZDF berichtete am 16. M&auml;rz<\/a>, Amazon habe 100.000 Stellen ausgeschrieben und das werde auch noch als eine Hilfsaktion gegen die Corona-Krise dargestellt. Das versch&auml;rft die ohnehin schwierige Situation des Einzelhandels und der kleineren Versender. Deshalb ein paar Anregungen&hellip;<br>\n<!--more--><\/p><ul>\n<li>Suchen Sie bei Onlinebestellungen auch nach anderen Anbietern.<\/li>\n<li>Wenn Sie ein Buch oder B&uuml;cher kaufen, fragen Sie zuerst bei Ihrer gewohnten Buchhandlung, ob sie angesichts der Pandemie ausliefert. Das machen viele.<\/li>\n<li>Wenn Sie B&uuml;cher online bestellen, dann nutzen Sie den Service der <a href=\"https:\/\/www.buchkomplizen.de\/Ueber-uns\/\">Buchkomplizen<\/a>.<\/li>\n<\/ul><p>Die Buchkomplizen sind eine station&auml;re Buchhandlung <strong>und<\/strong> eine Versandbuchhandlung des Westend Verlags. Dieser Verlag hat sich einen Namen als fortschrittlicher, der Aufkl&auml;rung verpflichteter Verlag gemacht. Bei Westend erscheint das NachDenkSeiten-Jahrbuch &bdquo;<a href=\"https:\/\/westendverlag.de\/Nachdenken-ueber-Deutschland\/1487\">Nachdenken &uuml;ber Deutschland<\/a>&ldquo;. Bei Westend erscheinen B&uuml;cher von Heiner Flassbeck, Rainer Mausfeld u.a.m. Und auch von Jens Berger, zum Beispiel: &ldquo;<a href=\"https:\/\/westendverlag.de\/Wer-schuetzt-die-Welt-vor-den-Finanzkonzernen\/1475\">Wer sch&uuml;tzt die Welt vor den Finanzkonzernen?<\/a>&rdquo; und von Albrecht M&uuml;ller, zum Beispiel: &ldquo;<a href=\"https:\/\/westendverlag.de\/Glaube-wenig-hinterfrage-alles-denke-selbst\/2012\">Glaube wenig, hinterfrage alles, denke selbst<\/a>&ldquo;.<\/p><p><strong>Die Buchkomplizen <a href=\"https:\/\/www.buchkomplizen.de\/Wie-bestellen\/\">liefern alle B&uuml;cher, nicht nur jene des Westendverlages<\/a>.<\/strong><\/p>\n","protected":false},"excerpt":{"rendered":"<p>Die Schlie&szlig;ung der L&auml;den einschlie&szlig;lich der Buchhandlungen f&ouml;rdert alles, was per Paketdienst geliefert werden kann. An vorderer Stelle Amazon. <a href=\"https:\/\/www.zdf.de\/nachrichten\/wirtschaft\/100-000-stellen-ausgeschrieben-amazon-sucht-neue-mitarbeiter-100.html\">Das ZDF berichtete am 16. M&auml;rz<\/a>, Amazon habe 100.000 Stellen ausgeschrieben und das werde auch noch als eine Hilfsaktion gegen die Corona-Krise dargestellt. Das versch&auml;rft die ohnehin schwierige Situation des Einzelhandels und der kleineren Versender.<\/p>\n<div class=\"readMore\"><a class=\"moretag\" href=\"https:\/\/www.nachdenkseiten.de\/?p=59546\">Weiterlesen<\/a><\/div>\n","protected":false},"author":11,"featured_media":59547,"comment_status":"closed","ping_status":"closed","sticky":false,"template":"","format":"standard","meta":{"spay_email":"","footnotes":""},"categories":[131],"tags":[1304,706,1288,2245],"class_list":["post-59546","post","type-post","status-publish","format-standard","has-post-thumbnail","hentry","category-oekonomie","tag-amazon","tag-buchhandel","tag-einzelhandel","tag-paketdienste"],"jetpack_featured_media_url":"https:\/\/www.nachdenkseiten.de\/wp-content\/uploads\/2020\/03\/200323-bk.png","_links":{"self":[{"href":"https:\/\/www.nachdenkseiten.de\/index.php?rest_route=\/wp\/v2\/posts\/59546","targetHints":{"allow":["GET"]}}],"collection":[{"href":"https:\/\/www.nachdenkseiten.de\/index.php?rest_route=\/wp\/v2\/posts"}],"about":[{"href":"https:\/\/www.nachdenkseiten.de\/index.php?rest_route=\/wp\/v2\/types\/post"}],"author":[{"embeddable":true,"href":"https:\/\/www.nachdenkseiten.de\/index.php?rest_route=\/wp\/v2\/users\/11"}],"replies":[{"embeddable":true,"href":"https:\/\/www.nachdenkseiten.de\/index.php?rest_route=%2Fwp%2Fv2%2Fcomments&post=59546"}],"version-history":[{"count":5,"href":"https:\/\/www.nachdenkseiten.de\/index.php?rest_route=\/wp\/v2\/posts\/59546\/revisions"}],"predecessor-version":[{"id":129004,"href":"https:\/\/www.nachdenkseiten.de\/index.php?rest_route=\/wp\/v2\/posts\/59546\/revisions\/129004"}],"wp:featuredmedia":[{"embeddable":true,"href":"https:\/\/www.nachdenkseiten.de\/index.php?rest_route=\/wp\/v2\/media\/59547"}],"wp:attachment":[{"href":"https:\/\/www.nachdenkseiten.de\/index.php?rest_route=%2Fwp%2Fv2%2Fmedia&parent=59546"}],"wp:term":[{"taxonomy":"category","embeddable":true,"href":"https:\/\/www.nachdenkseiten.de\/index.php?rest_route=%2Fwp%2Fv2%2Fcategories&post=59546"},{"taxonomy":"post_tag","embeddable":true,"href":"https:\/\/www.nachdenkseiten.de\/index.php?rest_route=%2Fwp%2Fv2%2Ftags&post=59546"}],"curies":[{"name":"wp","href":"https:\/\/api.w.org\/{rel}","templated":true}]}}