{"id":60451,"date":"2020-04-24T11:40:12","date_gmt":"2020-04-24T09:40:12","guid":{"rendered":"https:\/\/www.nachdenkseiten.de\/?p=60451"},"modified":"2020-04-29T13:23:18","modified_gmt":"2020-04-29T11:23:18","slug":"wieder-ist-einer-gegangen-den-wir-noch-lange-haetten-gebrauchen-koennen-norbert-bluem","status":"publish","type":"post","link":"https:\/\/www.nachdenkseiten.de\/?p=60451","title":{"rendered":"Wieder ist einer gegangen, den wir noch lange h\u00e4tten gebrauchen k\u00f6nnen: Norbert Bl\u00fcm."},"content":{"rendered":"<p>Fr&uuml;her, in den siebziger, achtziger und neunziger Jahren des letzten Jahrhunderts haben Sozialdemokraten und Menschen, die sich zu Recht f&uuml;r fortschrittlich und links halten, &uuml;ber jene Politiker gespottet, die den Arbeitnehmer-Fl&uuml;gel der Union repr&auml;sentierten. <a href=\"https:\/\/www.tagesschau.de\/inland\/norbert-bluem-109.html\">Katzer und Bl&uuml;m nannten wir die &bdquo;soziale Badehose&ldquo; der Union.<\/a> Sp&auml;ter trafen wir uns dann zum ersten Mal richtig ausgiebig am 31. Mai 2006 in der Sendung &bdquo;Quergefragt&ldquo; des SWR zum Thema &bdquo;Die Vorsorgel&uuml;ge &ndash; Ist die Rente doch sicher?&ldquo;. Unabgesprochen wehrten wir in dieser Diskussion gemeinsam die Angriffe gegen die Gesetzliche Rente ab. Seitdem verbindet uns die gemeinsame Arbeit f&uuml;r eine sichere Altersvorsorge und gegen die Kommerzialisierung auch dieser notwendigen Risikovorsorge. Wir haben viel telefoniert und uns immer wieder angeregt und unterst&uuml;tzt. Wir haben gemeinsam zu einer der heute noch sehenswertesten Fernsehdokumentationen beigetragen: &bdquo;Die Rentenangst&ldquo;. Die Freundschaft hat sich auch darin niedergeschlagen, dass NachDenkSeiten-Leserinnen und -Leser auf unseren Seiten nie einen der vielen h&auml;mischen Kommentare &uuml;ber Norbert Bl&uuml;ms richtige Feststellung lesen mussten: &bdquo;&hellip; denn eins ist sicher. Die Rente.&ldquo;<\/p><p>Ob man sich beim Tod und zum Gedenken an einen Menschen auch etwas w&uuml;nschen darf? Ich w&uuml;rde mir und dem gro&szlig;en Norbert Bl&uuml;m w&uuml;nschen, dass die dummen Kommentare &uuml;ber seine Anmerkung zur Sicherheit der Gesetzlichen Rente mit seinem Tod aufh&ouml;ren. Als Verm&auml;chtnis w&auml;re Norbert Bl&uuml;m auch zu w&uuml;nschen, dass irgendwann in der n&auml;chsten Zeit Konservative, Christdemokraten seines Schlags und die Linke einschlie&szlig;lich der Sozialdemokraten verstehen, dass ihr politisches B&uuml;ndnis gefordert ist und unschlagbar w&auml;re.<\/p><p>Norbert &ndash; wir denken gerne an dich.<\/p><p>Albrecht M&uuml;ller<\/p>\n","protected":false},"excerpt":{"rendered":"<p>Fr&uuml;her, in den siebziger, achtziger und neunziger Jahren des letzten Jahrhunderts haben Sozialdemokraten und Menschen, die sich zu Recht f&uuml;r fortschrittlich und links halten, &uuml;ber jene Politiker gespottet, die den Arbeitnehmer-Fl&uuml;gel der Union repr&auml;sentierten. <a href=\"https:\/\/www.tagesschau.de\/inland\/norbert-bluem-109.html\">Katzer und Bl&uuml;m nannten wir die &bdquo;soziale Badehose&ldquo; der Union.<\/a> Sp&auml;ter trafen wir uns dann zum ersten Mal richtig ausgiebig<\/p>\n<div class=\"readMore\"><a class=\"moretag\" href=\"https:\/\/www.nachdenkseiten.de\/?p=60451\">Weiterlesen<\/a><\/div>\n","protected":false},"author":11,"featured_media":60452,"comment_status":"closed","ping_status":"closed","sticky":false,"template":"","format":"standard","meta":{"spay_email":"","footnotes":""},"categories":[198],"tags":[628,904,747],"class_list":["post-60451","post","type-post","status-publish","format-standard","has-post-thumbnail","hentry","category-einzelne-politiker-personen-der-zeitgeschichte","tag-bluem-norbert","tag-grv","tag-nachruf"],"jetpack_featured_media_url":"https:\/\/www.nachdenkseiten.de\/wp-content\/uploads\/2020\/04\/200424-Nachruf.jpg","_links":{"self":[{"href":"https:\/\/www.nachdenkseiten.de\/index.php?rest_route=\/wp\/v2\/posts\/60451","targetHints":{"allow":["GET"]}}],"collection":[{"href":"https:\/\/www.nachdenkseiten.de\/index.php?rest_route=\/wp\/v2\/posts"}],"about":[{"href":"https:\/\/www.nachdenkseiten.de\/index.php?rest_route=\/wp\/v2\/types\/post"}],"author":[{"embeddable":true,"href":"https:\/\/www.nachdenkseiten.de\/index.php?rest_route=\/wp\/v2\/users\/11"}],"replies":[{"embeddable":true,"href":"https:\/\/www.nachdenkseiten.de\/index.php?rest_route=%2Fwp%2Fv2%2Fcomments&post=60451"}],"version-history":[{"count":4,"href":"https:\/\/www.nachdenkseiten.de\/index.php?rest_route=\/wp\/v2\/posts\/60451\/revisions"}],"predecessor-version":[{"id":60591,"href":"https:\/\/www.nachdenkseiten.de\/index.php?rest_route=\/wp\/v2\/posts\/60451\/revisions\/60591"}],"wp:featuredmedia":[{"embeddable":true,"href":"https:\/\/www.nachdenkseiten.de\/index.php?rest_route=\/wp\/v2\/media\/60452"}],"wp:attachment":[{"href":"https:\/\/www.nachdenkseiten.de\/index.php?rest_route=%2Fwp%2Fv2%2Fmedia&parent=60451"}],"wp:term":[{"taxonomy":"category","embeddable":true,"href":"https:\/\/www.nachdenkseiten.de\/index.php?rest_route=%2Fwp%2Fv2%2Fcategories&post=60451"},{"taxonomy":"post_tag","embeddable":true,"href":"https:\/\/www.nachdenkseiten.de\/index.php?rest_route=%2Fwp%2Fv2%2Ftags&post=60451"}],"curies":[{"name":"wp","href":"https:\/\/api.w.org\/{rel}","templated":true}]}}