{"id":614,"date":"2005-06-30T15:58:43","date_gmt":"2005-06-30T13:58:43","guid":{"rendered":"http:\/\/www.nachdenkseiten.de\/v2\/?p=614"},"modified":"2016-03-13T15:14:27","modified_gmt":"2016-03-13T14:14:27","slug":"um-neuen-legenden-vorzubeugen-selbst-mit-einer-sondersteuer-fur-grosverdiener-lage-deren-spitzensteuersatz-unter-dem-eu-15-durchschnitt","status":"publish","type":"post","link":"https:\/\/www.nachdenkseiten.de\/?p=614","title":{"rendered":"Um neuen Legenden vorzubeugen: Selbst mit einer Sondersteuer f\u00fcr Gro\u00dfverdiener l\u00e4ge deren Spitzensteuersatz unter dem EU-15 Durchschnitt"},"content":{"rendered":"<p>Eine Grafik von <a href=\"http:\/\/www.jjahnke.net\/\" title=\"Externer Link zu http:\/\/www.jjahnke.net\/\">Joachim Jahnke<\/a>. <\/p><p><img decoding=\"async\" class=\"img_border\" src=\"upload\/bilder\/050630_kt_01.gif\" alt=\"Einkommenssteuer-Spitzens&auml;tze in EU-15 und USA\" title=\"\"><\/p>\n","protected":false},"excerpt":{"rendered":"<p>Eine Grafik von <a href=\"http:\/\/www.jjahnke.net\/\" title=\"Externer Link zu http:\/\/www.jjahnke.net\/\">Joachim Jahnke<\/a>. <\/p>\n<p><img decoding=\"async\" class=\"img_border\" src=\"upload\/bilder\/050630_kt_01.gif\" alt=\"Einkommenssteuer-Spitzens&auml;tze in EU-15 und USA\" title=\"\"><\/p>\n","protected":false},"author":2,"featured_media":0,"comment_status":"closed","ping_status":"open","sticky":false,"template":"","format":"standard","meta":{"spay_email":"","footnotes":""},"categories":[35,22,137],"tags":[1803,279],"class_list":["post-614","post","type-post","status-publish","format-standard","hentry","category-aufbau-gegenoeffentlichkeit","category-europaische-union","category-steuern-und-abgaben","tag-jahnke-joachim","tag-spitzensteuersatz"],"jetpack_featured_media_url":"","_links":{"self":[{"href":"https:\/\/www.nachdenkseiten.de\/index.php?rest_route=\/wp\/v2\/posts\/614","targetHints":{"allow":["GET"]}}],"collection":[{"href":"https:\/\/www.nachdenkseiten.de\/index.php?rest_route=\/wp\/v2\/posts"}],"about":[{"href":"https:\/\/www.nachdenkseiten.de\/index.php?rest_route=\/wp\/v2\/types\/post"}],"author":[{"embeddable":true,"href":"https:\/\/www.nachdenkseiten.de\/index.php?rest_route=\/wp\/v2\/users\/2"}],"replies":[{"embeddable":true,"href":"https:\/\/www.nachdenkseiten.de\/index.php?rest_route=%2Fwp%2Fv2%2Fcomments&post=614"}],"version-history":[{"count":1,"href":"https:\/\/www.nachdenkseiten.de\/index.php?rest_route=\/wp\/v2\/posts\/614\/revisions"}],"predecessor-version":[{"id":32061,"href":"https:\/\/www.nachdenkseiten.de\/index.php?rest_route=\/wp\/v2\/posts\/614\/revisions\/32061"}],"wp:attachment":[{"href":"https:\/\/www.nachdenkseiten.de\/index.php?rest_route=%2Fwp%2Fv2%2Fmedia&parent=614"}],"wp:term":[{"taxonomy":"category","embeddable":true,"href":"https:\/\/www.nachdenkseiten.de\/index.php?rest_route=%2Fwp%2Fv2%2Fcategories&post=614"},{"taxonomy":"post_tag","embeddable":true,"href":"https:\/\/www.nachdenkseiten.de\/index.php?rest_route=%2Fwp%2Fv2%2Ftags&post=614"}],"curies":[{"name":"wp","href":"https:\/\/api.w.org\/{rel}","templated":true}]}}