{"id":62887,"date":"2020-07-13T13:00:27","date_gmt":"2020-07-13T11:00:27","guid":{"rendered":"https:\/\/www.nachdenkseiten.de\/?p=62887"},"modified":"2020-07-14T16:30:30","modified_gmt":"2020-07-14T14:30:30","slug":"maessigung-im-ton-waere-schoen-ueber-eine-unnoetig-scharfe-abrechnung-mit-impfkritikern","status":"publish","type":"post","link":"https:\/\/www.nachdenkseiten.de\/?p=62887","title":{"rendered":"M\u00e4\u00dfigung im Ton w\u00e4re sch\u00f6n. \u00dcber eine unn\u00f6tig scharfe Abrechnung mit Impfkritikern"},"content":{"rendered":"<p>Gut, man kann das machen: alle Menschen, die bei den Gr&uuml;nen sind, als Rudolf-Steiner-Anh&auml;nger etikettieren, man kann auch alle Menschen, die sich Gedanken &uuml;ber die Sinnhaftigkeit einer Corona-Impfung machen, als Esoteriker oder sonst irgendwie nicht von dieser Welt etikettieren und man kann eine ganze Stadt und deren Bewohner in einen Topf werfen, den gro&szlig;en Quirl herausholen und Stuttgarter, Gr&uuml;ne, Impfgegner, Anthroposophen, Querdenker, Antisemiten, Nazis kr&auml;ftig durchmischen. Irgendwas Negatives wird da an irgendwem schon h&auml;ngenbleiben. <strong>Anette Sorg<\/strong>.<\/p><p><em>Dieser Beitrag ist auch als Audio-Podcast verf&uuml;gbar.<\/em><br>\n<!--more--><br>\n<\/p><div class=\"powerpress_player\" id=\"powerpress_player_9566\"><!--[if lt IE 9]><script>document.createElement('audio');<\/script><![endif]-->\n<audio class=\"wp-audio-shortcode\" id=\"audio-62887-1\" preload=\"none\" style=\"width: 100%;\" controls=\"controls\"><source type=\"audio\/mpeg\" src=\"https:\/\/www.nachdenkseiten.de\/upload\/podcast\/200713-Unnoetig-scharfe-Abrechnung-mit-Impfkritikern-NDS.mp3?_=1\"><\/source><a href=\"https:\/\/www.nachdenkseiten.de\/upload\/podcast\/200713-Unnoetig-scharfe-Abrechnung-mit-Impfkritikern-NDS.mp3\">https:\/\/www.nachdenkseiten.de\/upload\/podcast\/200713-Unnoetig-scharfe-Abrechnung-mit-Impfkritikern-NDS.mp3<\/a><\/audio><\/div><p class=\"powerpress_links powerpress_links_mp3\">Podcast: <a href=\"https:\/\/www.nachdenkseiten.de\/upload\/podcast\/200713-Unnoetig-scharfe-Abrechnung-mit-Impfkritikern-NDS.mp3\" class=\"powerpress_link_pinw\" target=\"_blank\" title=\"Play in new window\" onclick=\"return powerpress_pinw('https:\/\/www.nachdenkseiten.de\/?powerpress_pinw=62887-podcast');\" rel=\"nofollow\">Play in new window<\/a> | <a href=\"https:\/\/www.nachdenkseiten.de\/upload\/podcast\/200713-Unnoetig-scharfe-Abrechnung-mit-Impfkritikern-NDS.mp3\" class=\"powerpress_link_d\" title=\"Download\" rel=\"nofollow\" download=\"200713-Unnoetig-scharfe-Abrechnung-mit-Impfkritikern-NDS.mp3\">Download<\/a><\/p><p>Kann man machen. Sollte man aber als Journalist unterlassen. Dietrich Krau&szlig; hat in einem Artikel, der am Donnerstag letzter Woche bei der Kontextwochenzeitung erschienen ist, <a href=\"https:\/\/www.kontextwochenzeitung.de\/debatte\/484\/wir-koennen-alles-ausser-impfen-6853.html?pk_campaign=KONTEXT-per-EMail&amp;pk_kwd=Ausgabe-484\">genau das versucht<\/a>.<\/p><p>Obwohl ich Dietrich Krau&szlig; sehr sch&auml;tze, insbesondere auch f&uuml;r seine Verdienste um die Aufkl&auml;rung &uuml;ber die falschen Weichenstellungen in der Rentenpolitik der letzten Jahrzehnte, kann ich seinen Artikel nicht unwidersprochen lassen. Diese (neuen) Differenzen &uuml;berraschen und verwirren, scheinen aber Ausdruck einer tiefgreifenden Spaltung zwischen ehemals sich politisch nahestehenden Menschen zu sein.<\/p><p>Auch andere Fachleute , wie Prof. Stefan Hockertz, kann man bei der inhaltlichen Auseinandersetzung ignorieren, wie YouTube das wieder einmal (sich auf immer noch unbekannte Community-Richtlinien berufend) getan hat und Dietrich Krau&szlig; es ebenfalls tut. <a href=\"https:\/\/www.nachdenkseiten.de\/?p=62871#h01\">Hier das Interview mit Prof. Hockertz<\/a>.<\/p><p>Er ist kein Impfgegner, kein Verschw&ouml;rungstheoretiker. Er ist Immunologe und Toxikologe und besch&auml;ftigt sich seit &uuml;ber 30 Jahren mit den segensreichen Wirkungen von Impfungen, aber auch mit Risiken und Nebenwirkungen. Wer das Gespr&auml;ch angeh&ouml;rt hat und immer noch auf die RNA-Impfung als Erl&ouml;sung aus der &bdquo;Pandemie&ldquo; hofft, der wird bereits eine hohe Immunit&auml;t besitzen. Gegen Fakten.<\/p><p>Auch die Einlassungen dieser <a href=\"https:\/\/www.individuelle-impfentscheidung.de\/\">Gruppierung f&uuml;r &bdquo;individuelle Impfentscheidung&ldquo;<\/a> sollten doch mindestens nachdenklich machen.<\/p><p>Deren <a href=\"https:\/\/www.individuelle-impfentscheidung.de\/?view=article&amp;id=223:positionspapier_covid-19&amp;catid=8\">Positionspapier zur COVID-19-Impfung<\/a> wird zur Lekt&uuml;re empfohlen.<\/p><p>Und wem das alles zu wenig &bdquo;&ouml;ffentlich-rechtlich&ldquo; ist, der findet zum Thema RNA-Impfungen auch einen erhellenden Beitrag bei Quarks (WDR): <a href=\"https:\/\/www.quarks.de\/gesundheit\/darum-sollten-wir-nicht-auf-einen-impfstoff-warten\/\">Darum sollten wir nicht auf einen Impfstoff warten<\/a>.<\/p><p>Doch zur&uuml;ck zum Kontext-Artikel: Wenn Dietrich Krau&szlig; beispielsweise &uuml;ber die Lebensreformerbewegung abwertend schreibt:<\/p><blockquote><p>\n&bdquo;Die modernen Arzneien hei&szlig;en Luft, Sonne, Wasser und giftfreie Di&auml;t, schrieb Heinrich Molenaar, der Pr&auml;sident des Impfgegner-Bundes. Als Gift erscheinen dagegen Schmutz und L&auml;rm der Stadt, Rausch- und Genussmittel, Medikamentensucht der Schulmedizin, kurz alles K&uuml;nstliche der Moderne&ldquo;\n<\/p><\/blockquote><p>stellt sich die Frage, ob er das tats&auml;chlich f&uuml;r kompletten Bl&ouml;dsinn h&auml;lt. Das w&auml;re &auml;u&szlig;erst schade, denn damit bef&auml;nde er sich ja im Widerspruch zu den meisten Medizinern, die all das entweder als das Immunsystem st&auml;rkend (Luft, Sonne, Wasser, gesunde Ern&auml;hrung, Bewegung,&hellip;.) oder als das Immunsystem sch&auml;digend (Medikamente, L&auml;rm, Schmutz, Rausch- und Genussmittel,&hellip;) darstellen. Ist es nur deshalb falsch, weil es die &bdquo;falschen&ldquo; Menschen aussprechen?<\/p><p>Ein Leserbriefschreiber von &bdquo;Kontext&ldquo; kritisiert: <\/p><blockquote><p>\n&bdquo;Dass es einen engen Zusammenhang zwischen Immunsystem und Seele gibt, zeigt &uuml;brigens die Psychoneuroimmunologie, deren Erkenntnisse Herr Krau&szlig; ebenfalls lieber unter den Tisch fallen l&auml;sst &ndash; mitsamt der Tatsache, dass es sehr wohl sinnvoll ist, sich zur St&auml;rkung des Immunsystems &raquo;dem Sonnenlicht auszusetzen&laquo;, weil dadurch n&auml;mlich Vitamin D im K&ouml;rper gebildet wird und die T-Zellen aktiviert werden. Sachliche Informationen dieser Art k&ouml;nnten die Leser freilich nur verwirren.&ldquo;\n<\/p><\/blockquote><p>Selbst als Mensch, der Rudolf Steiner und seine Theorien durchaus mit kritischer Distanz betrachtet, m&ouml;chte man sich nach Lekt&uuml;re des Artikels sch&uuml;tzend vor die angegriffene Gruppierung stellen. Ich bin keine Psychologin und kann das nicht vern&uuml;nftig einordnen, aber derartig hasserf&uuml;llte Tiraden machen mir Angst. Weil sie meines Erachtens ein Symptom sind. Ein Symptom f&uuml;r das, was derzeit in unserer Gesellschaft abgeht. Toleranz? Ja, gerne. Aber nur mit den Richtig-Gl&auml;ubigen. Und wer die Richtig-Gl&auml;ubigen sind, das entscheidet hier Dietrich Krau&szlig; und anderswo die Tagesschau oder der Antisemitismusbeauftragte Klein, Frau Kahane, Correctiv oder andere selbsternannte oder institutionalisierte Faktenchecker. <\/p><p>Wie viele Steiner-Anh&auml;nger gibt es in Deutschland? Wie viele echte Impfgegner? Wie viele Verschwurbelte?  Und vor allen Dingen: Welchen politischen Einfluss nehmen sie in Stuttgart und Berlin? Stuttgart 21 mag man teilweise den Gr&uuml;nen anlasten, die Anthroposophen sind daran sicher ziemlich unschuldig. Wie gro&szlig; muss die Angst der vermeintlich Richtig-Gl&auml;ubigen sein, wenn schon so &uuml;bersichtliche und einflussarme Gruppierungen derartige Bei&szlig;reflexe ausl&ouml;sen? <\/p><p>Bekennende Anthroposophen wie der Kinderbuchautor Michael Ende, der Konfliktforscher Friedrich Glasl sowie der Begr&uuml;nder der dm-Drogeriemarktkette G&ouml;tz Werner werden sich wahlweise im Grab umdrehen oder verst&auml;ndnislos mit dem Kopf sch&uuml;tteln, wenn sie diesen Rundumschlag gegen die Rudolf-Steiner-Ideologie zur Kenntnis nehmen.<\/p><p>Ich verlasse mich beim Thema &bdquo;Impfen&ldquo; gerne auf Immunologen wie Herrn Professor Hockertz, auf meine Haus&auml;rztin und auf meinen (hoffentlich) gesunden Menschenverstand und nat&uuml;rlich in Teilen auch auf mein Immunsystem. <\/p><p>Es wird interessant sein, zu beobachten, ob diejenigen, die jetzt das Hohelied der Impfung singen, die Ersten sein werden, die sich oder ihre Kinder freiwillig gegen das Corona-Virus impfen lassen, wenn ein wie auch immer gearteter Impfstoff auf dem Markt sein wird. <\/p><p>Titelbild: solarseven \/ Shutterstock<\/p>\n","protected":false},"excerpt":{"rendered":"<p>Gut, man kann das machen: alle Menschen, die bei den Gr&uuml;nen sind, als Rudolf-Steiner-Anh&auml;nger etikettieren, man kann auch alle Menschen, die sich Gedanken &uuml;ber die Sinnhaftigkeit einer Corona-Impfung machen, als Esoteriker oder sonst irgendwie nicht von dieser Welt etikettieren und man kann eine ganze Stadt und deren Bewohner in einen Topf werfen, den gro&szlig;en Quirl<\/p>\n<div class=\"readMore\"><a class=\"moretag\" href=\"https:\/\/www.nachdenkseiten.de\/?p=62887\">Weiterlesen<\/a><\/div>\n","protected":false},"author":11,"featured_media":62890,"comment_status":"closed","ping_status":"closed","sticky":false,"template":"","format":"standard","meta":{"spay_email":"","footnotes":""},"categories":[107,149,123,183],"tags":[2880,2872,2594,1163,2834],"class_list":["post-62887","post","type-post","status-publish","format-standard","has-post-thumbnail","hentry","category-audio-podcast","category-gesundheitspolitik","category-kampagnentarnworteneusprech","category-medienkritik","tag-impfungen","tag-kontext-wochenzeitung","tag-krauss-dietrich","tag-meinungspluralismus","tag-virenerkrankung"],"jetpack_featured_media_url":"https:\/\/www.nachdenkseiten.de\/wp-content\/uploads\/2020\/07\/shutterstock_1716494026.jpg","_links":{"self":[{"href":"https:\/\/www.nachdenkseiten.de\/index.php?rest_route=\/wp\/v2\/posts\/62887","targetHints":{"allow":["GET"]}}],"collection":[{"href":"https:\/\/www.nachdenkseiten.de\/index.php?rest_route=\/wp\/v2\/posts"}],"about":[{"href":"https:\/\/www.nachdenkseiten.de\/index.php?rest_route=\/wp\/v2\/types\/post"}],"author":[{"embeddable":true,"href":"https:\/\/www.nachdenkseiten.de\/index.php?rest_route=\/wp\/v2\/users\/11"}],"replies":[{"embeddable":true,"href":"https:\/\/www.nachdenkseiten.de\/index.php?rest_route=%2Fwp%2Fv2%2Fcomments&post=62887"}],"version-history":[{"count":9,"href":"https:\/\/www.nachdenkseiten.de\/index.php?rest_route=\/wp\/v2\/posts\/62887\/revisions"}],"predecessor-version":[{"id":62921,"href":"https:\/\/www.nachdenkseiten.de\/index.php?rest_route=\/wp\/v2\/posts\/62887\/revisions\/62921"}],"wp:featuredmedia":[{"embeddable":true,"href":"https:\/\/www.nachdenkseiten.de\/index.php?rest_route=\/wp\/v2\/media\/62890"}],"wp:attachment":[{"href":"https:\/\/www.nachdenkseiten.de\/index.php?rest_route=%2Fwp%2Fv2%2Fmedia&parent=62887"}],"wp:term":[{"taxonomy":"category","embeddable":true,"href":"https:\/\/www.nachdenkseiten.de\/index.php?rest_route=%2Fwp%2Fv2%2Fcategories&post=62887"},{"taxonomy":"post_tag","embeddable":true,"href":"https:\/\/www.nachdenkseiten.de\/index.php?rest_route=%2Fwp%2Fv2%2Ftags&post=62887"}],"curies":[{"name":"wp","href":"https:\/\/api.w.org\/{rel}","templated":true}]}}