{"id":63909,"date":"2020-08-19T11:46:16","date_gmt":"2020-08-19T09:46:16","guid":{"rendered":"https:\/\/www.nachdenkseiten.de\/?p=63909"},"modified":"2020-08-19T12:31:01","modified_gmt":"2020-08-19T10:31:01","slug":"skandaloese-deutsch-israelische-militaershow-ueber-dem-kz-dachau-nein-zu-diesem-zynismus-von-winfried-wolf","status":"publish","type":"post","link":"https:\/\/www.nachdenkseiten.de\/?p=63909","title":{"rendered":"Skandal\u00f6se deutsch-israelische Milit\u00e4rshow \u00fcber dem KZ Dachau. Nein zu diesem Zynismus! Von Winfried Wolf"},"content":{"rendered":"<p>Am gestrigen 18. August donnerten zwei israelische Kampfflugzeuge vom Typ F-16 und drei deutsche Eurofighter in einer gemeinsamen Formation &uuml;ber das ehemalige KZ Dachau. Dies ist zynisch und ein Skandal. Die Bundeswehr wurde von NS-Gener&auml;len, die f&uuml;r den Holocaust mitverantwortlich waren, mitgegr&uuml;ndet. Ex-NS-Milit&auml;rs waren bis Mitte der 1960er Jahre die Spitzenvertreter der Bundeswehr. Die deutsche Armee und der Bundeswehrverband haben sich bis heute nicht von der Traditionslinie zur NS-Wehrmacht konsequent getrennt.<br>\n<!--more--><br>\nDemonstriert werden sollte mit dem Flug von Kampfflugzeugen &uuml;ber der KZ-Gedenkst&auml;tte Dachau, dass Deutschland und Israel eine Waffenbr&uuml;derschaft  verbinde. Es soll nicht bei dem einmaligen Auftritt von israelischer Luftwaffe und Bundeswehr-Luftwaffe bleiben. In den folgenden knapp zwei Wochen wird es &bdquo;gemeinsame &Uuml;bungen&ldquo; der beiden Luftwaffen unter der Bezeichnung &bdquo;blue wings 2020&ldquo; geben. <\/p><p>Ein Berichterstatter von &bdquo;Bild&ldquo; &ndash; Maximilian Kiewel &ndash; &uuml;berschlug sich vor Ort in einer Video-Reportage f&ouml;rmlich vor Begeisterung und behauptete, &bdquo;beide Seiten k&ouml;nnen viel voneinander profitieren&ldquo;. Die israelischen Milit&auml;rs w&uuml;rden &bdquo;das deutsche Terrain, den deutschen Wald, das Gel&auml;nde hier&ldquo; so nicht kennen. Dar&uuml;ber hinaus verf&uuml;ge die Luftwaffe der Bundeswehr &bdquo;mit dem Eurofighter &uuml;ber ein modernes Flugzeug, was die Israelis so nicht haben&ldquo;. Fr&uuml;her halt Herrenmensch. Heute zun&auml;chst mal nur noch Oberlehrer. <\/p><p>Die deutschen und die israelischen Soldaten, die an der &Uuml;bung teilnehmen, tragen Abzeichen, auf denen der Davidstern und das Eiserne Kreuz &bdquo;ineinander verwoben&ldquo; sind. Die deutsche Verteidigungsministerin Annegret Kramp-Karrenbauer sprach von &bdquo;einem &bdquo;bewegenden Moment&ldquo; und betonte: &bdquo;Heute stehen hier israelische und deutsche Soldaten Seite an Seite. Lasst uns an die schmerzhafte Geschichte erinnern &ndash; f&uuml;r eine bessere Zukunft.&rdquo; <\/p><p>Erinnern? Auf eine solche Weise? F&uuml;r welche Art Zukunft?<\/p><p>Halten wir fest: Die Bundeswehr, mit der die israelischen Soldaten gemeinsam trainieren, wurde von Nazi-Gener&auml;len, die f&uuml;r den Holocaust mitverantwortlich waren, gegr&uuml;ndet. Und sie hat sich in ihrer Traditionspflege und in ihren Symbolen bis heute von der verbrecherischen Tradition des deutschen Militarismus und der NS-Wehrmacht nicht konsequent losgel&ouml;st.  Im Konkreten:<\/p><p><em>Personelle Kontinuit&auml;t NS-Armee und Bundeswehr:<\/em> Die Wehrmacht war an der Shoa, an der vom NS-Regime europaweit organisierten Vernichtung der j&uuml;dischen Bev&ouml;lkerung, aktiv beteiligt. Die Bundeswehr wurde Anfang der 1950er Jahre von Nazi-Gener&auml;len gegr&uuml;ndet. Nazi-Milit&auml;rs haben diese Armee rund eineinhalb Jahrzehnte lang gef&uuml;hrt. Drei Beispiele: Der erste Generalinspekteur der Bundeswehr war der ehemalige Nazi-General <em>Adolf Heusinger<\/em>. Der Rezensent einer Heusinger-Biographie schreibt: &bdquo;Kein zweiter Bundeswehrgeneral hatte in der nationalsozialistischen Diktatur eine solch exponierte Stellung besetzt. General Hitlers und Adenauers, Erf&uuml;llungsgehilfe kriegerischen Gr&ouml;&szlig;enwahns und Gr&uuml;ndungsvater der Bundeswehr &ndash; eine deutsche Karriere&hellip;&ldquo;[<a href=\"#foot_1\" name=\"note_1\">1<\/a>] Heusinger war von 1955 bis 1964 Generalinspekteur der Bundeswehr und zuletzt Vorsitzender des Nato-Milit&auml;rausschusses. Ein zweiter Bundeswehr-Gr&uuml;nder war <em>General Hans Speidel<\/em>. Dieser Militarist wurde im April 1943 zum Generalstabschef der Heeresgruppe B in Frankreich ernannt. Speidel war an Kriegsverbrechen in Frankreich beteiligt.[<a href=\"#foot_2\" name=\"note_2\">2<\/a>] Speidel war von 1957 bis 1963 General der Bundeswehr und zuletzt Oberbefehlshaber der Alliierten Landstreitkr&auml;fte Mitteleuropa der Nato. Das dritte Beispiel: <em>General Johann Adolf Graf von Kielmansegg<\/em>. Dieser Mann war in der NS-Zeit zuletzt Oberst und enger Mitarbeiter von Heusinger. Er verfasste gemeinsam mit Heusinger &bdquo;Geheime Kommandosachen&ldquo;, in denen dokumentiert wurde, welche &bdquo;S&uuml;hneerschie&szlig;ungen&ldquo; von Zivilpersonen die Wehrmacht an den verschiedenen Frontabschnitten vorgenommen hatte. Heusinger und von Kielmannsegg halfen, in der &bdquo;Bandenbek&auml;mpfung&ldquo; die &bdquo;Unterst&uuml;tzung durch Kr&auml;fte des Heeres sicherzustellen.&ldquo;[<a href=\"#foot_3\" name=\"note_3\">3<\/a>] In der Bundeswehr hatte er zuletzt den Rang eines Generals. In der letzten Etappe seiner milit&auml;rischen Laufbahn (bis April 1968) war er Nato-Oberbefehlshaber der Alliierten Streitkr&auml;fte Europa Mitte.<\/p><p><em>Bekenntnis der Bundeswehr zur Wehrmachtstradition.<\/em> Jahrzehntelang gab es eine offene Traditionspflege der Bundeswehr mit positivem Bezug auf die Wehrmacht. Erst in dem Ma&szlig;, wie die Verbrechen der Wehrmacht auch in Westdeutschland einer breiteren &Ouml;ffentlichkeit bekanntgemacht wurden &ndash; hier spielte die von Hannes Heer konzipierte und vom Hamburger Institut f&uuml;r Sozialforschung getragene &bdquo;Wehrmachtsausstellung&ldquo; (&bdquo;Vernichtungskrieg. Verbrechen der Wehrmacht 1941-1945&ldquo;) eine herausragende Rolle[<a href=\"#foot_4\" name=\"note_4\">4<\/a>] &ndash; wurden diese Bez&uuml;ge teilweise eliminiert und teilweise relativiert. Doch verschwunden sind sie keineswegs. Karl Theodor Molinari ist bis heute der Namenspatron des Deutschen <em>Bundeswehrverbandes (DBwV)<\/em>. Molinari war hochdekorierter Wehrmachtsoffizier, zuletzt im Rang eines Oberstleutnant; er wurde in Belgien wegen Kriegsverbrechen verurteilt. In der Bundeswehr hatte er zuletzt (1961) den Rang eines Generalmajors.[<a href=\"#foot_5\" name=\"note_5\">5<\/a>] Bis heute gibt es die Generalfeldmarschall-Erwin-Rommel-Kaserne in Augustdorf in Nordrhein-Westfalen und die &bdquo;Rommel-Kaserne&ldquo; in Dornstadt, Baden-W&uuml;rttemberg. Erwin Rommel war f&uuml;hrender NS-Milit&auml;r (&bdquo;W&uuml;stenfuchs&ldquo;). Er war an Judendeportationen beteiligt. Noch im November 1997 wurde die Eichelberg-Kaserne in Bruchsal umbenannt in &bdquo;General-Dr.-Speidel-Kaserne&ldquo;. Zu diesem NS-Milit&auml;r siehe oben. Die &bdquo;Gebirgsj&auml;ger&ldquo;-Traditionalisten der Bundeswehr stellen sich bis heute in die NS-Gebirgsj&auml;ger-Tradition. Diese Einheit war in Griechenland an der Vernichtung hunderter D&ouml;rfer und deren Bev&ouml;lkerung beteiligt.<\/p><p>Auch die Symbolik, die an den deutschen Militarismus und an die NS-Milit&auml;rs erinnert, existiert weiter.  Die zitierte Man&ouml;ver-Bezeichnung &bdquo;blue wings&ldquo; erinnert daran, dass die Luftwaffe der Wehrmacht die Farbe &bdquo;blaugrau&ldquo; hatte.[<a href=\"#foot_6\" name=\"note_6\">6<\/a>] Da mag man noch an Zufall glauben und von &Auml;u&szlig;erlichkeit reden. Doch die Verwebung von Davidstern und Eisernem Kreuz ist offen zynisch. Alle oben zitierten Nazi-Milit&auml;rs und Bundeswehr-Mitbegr&uuml;nder, die direkt oder indirekt f&uuml;r die NS-Verbrechen an der j&uuml;dischen Bev&ouml;lkerung Verantwortung trugen, waren Tr&auml;ger des Eisernen Kreuzes. Das Eiserne Kreuz der Bundeswehr unterscheidet sich nur unwesentlich vom Eisernen Kreuz der Wehrmacht. Das Eiserne Kreuz ist damit ein Symbol f&uuml;r den deutschen Militarismus, f&uuml;r das Vom-Zaun-Brechen von zwei Weltkriegen. Das Eiserne Kreuz kann nicht losgel&ouml;st werden von den Kriegsverbrechen der Wehrmacht im Allgemeinen und von der Beteiligung der Wehrmacht am Holocaust im Besonderen. Dieses <em>Symbol der T&auml;ter<\/em> in Verbindung zu bringen mit dem <em>Davidstern, dem Symbol der Opfer<\/em>, ist zynisch. Auf diese Weise sollen die NS-Verbrechen relativiert werden.<\/p><p>Wenn die deutsche Verteidigungsministerin am 18. August die Milit&auml;r&uuml;bung der deutschen und der israelische Luftwaffe mit Verweis auf &bdquo;die bessere Zukunft&ldquo; begr&uuml;ndete, dann soll damit au&szlig;erdem die Bundeswehr einbezogen werden in die aggressive Politik der Regierung Netanjahu gegen die pal&auml;stinensische Bev&ouml;lkerung. Und dies ausgerechnet in Zeiten, in denen in Israel Zehntausende gegen diese Regierung auf die Stra&szlig;e gehen und den R&uuml;cktritt Netanjahus fordern, der wegen Korruption unter Anklage steht.<\/p><p><strong>Erg&auml;nzende Anmerkung Albrecht M&uuml;ller:<\/strong> Der Vorgang ist auch schon unabh&auml;ngig von der   Verbundenheit der Bundeswehr mit der Nazi-Wehrmacht  zynisch.  Was sollen Jagdbomber  &uuml;ber einem KZ ? Was haben Jagdbomber positiv mit dem Leiden und der Vernichtung von Millionen Menschen zu tun? Der Vorgang zeugt von einer unmenschlichen Militarisierung der Politik und nebenbei auch noch von r&uuml;cksichtsloser politischer Propaganda mit Hilfe der Showeffekte des Milit&auml;rs. Ein rundum perverser Vorgang. Und deutsche Medien applaudieren und dpa verbreitet Foto und Text.<\/p><p><em>Winfried Wolf ist u.a. verantwortlicher Redakteur der Zeitung gegen den Krieg &ndash; ZgK. Die neue Ausgabe der ZgK, Nr. 47, erscheint p&uuml;nktlich zum 1. September 2020, dem Antikriegstag. Vertrieb ab dem 24. August 2020. Ein Dank geht an Ulrich Sander, VVN-BdA, der f&uuml;r diesen Artikel wichtige Details beisteuert.<\/em><\/p><div class=\"hr_wrap\">\n<hr>\n<\/div><div class=\"footnote\">\n<p>[<a href=\"#note_1\" name=\"foot_1\">&laquo;1<\/a>] Johannes H&uuml;rter, Historiker am M&uuml;nchener Institut f&uuml;r Zeitgeschichte, Rezensent der umfangreichen Heusinger-Biographie: Georg Meyer, Adolf Heusinger. Dienst eines deutschen Soldaten 1915 bis 1964. Hamburg. <\/p>\n<p>[<a href=\"#note_2\" name=\"foot_2\">&laquo;2<\/a>] Der &bdquo;Combat&rdquo;, Paris, schrieb am 4. April 1957 &uuml;ber Speidel: &bdquo;Frankreich kann nichts daf&uuml;r: Wenn es das Gesicht Speidels sieht, wird es durch dieses Gesicht an vier Jahre Erpressung, Folterungen, an vier Jahre H&ouml;lle erinnert. [&hellip;] Das Blut der Toten l&auml;sst sich nicht so leicht trocknen wie eine Unterschrift. [&hellip;] Ein B&uuml;ndnis, das uns zwingt, unsere logischen Reaktionen zu unterdr&uuml;cken, wird von Tag zu Tag unertr&auml;glicher erscheinen.&rdquo;<\/p>\n<p>[<a href=\"#note_3\" name=\"foot_3\">&laquo;3<\/a>] Siehe: Prozessakten N&uuml;rnberger Hauptkriegsverbrecherprozess, Band IV 1947, Dok. US 562.<\/p>\n<p>[<a href=\"#note_4\" name=\"foot_4\">&laquo;4<\/a>] Die Ausstellung wurde erstmals am 5. M&auml;rz 1995 in Hamburg gezeigt. Bis 1999 wurden rund 900.000 Besucherinnen und Besucher gez&auml;hlt.<\/p>\n<p>[<a href=\"#note_5\" name=\"foot_5\">&laquo;5<\/a>] Der genannte Bundeswehrverband (er z&auml;hlt 200.000 Mitglieder) hat eine Karl-Theodor-Molinari-Stiftung. Auf der Website des Bundeswehrverbands wird diese wie folgt vorgestellt: &bdquo;Das Bildungswerk des Deutschen Bundeswehr Verbandes (DBwV), die Karl-Theodor-Molinari-Stiftung e.V., wurde bereits 1988 als Einrichtung zur politischen Erwachsenenbildung gegr&uuml;ndet. Der Name geht zur&uuml;ck auf den ersten Bundesvorsitzenden des DBwV, Generalmajor a. D. Karl-Theodor Molinari.&ldquo; Zur NS-Vergangenheit dieses Milit&auml;rs findet sich kein Wort. Siehe: <a href=\"https:\/\/www.dbwv.de\/der-verband\/stiftungen-engagement\/karl-theodor-molinari-stiftung\/\">dbwv.de\/der-verband\/stiftungen-engagement\/karl-theodor-molinari-stiftung\/<\/a><\/p>\n<p>[<a href=\"#note_6\" name=\"foot_6\">&laquo;6<\/a>] <a href=\"https:\/\/www.militaerlacke.de\/fahrzeuglacke\/1k-eimergebinde\/wehrmacht\/53\/1k-ral-7016-blaugrau-nr.-4\">militaerlacke.de\/fahrzeuglacke\/1k-eimergebinde\/wehrmacht\/53\/1k-ral-7016-blaugrau-nr.-4<\/a><\/p>\n<\/div>\n","protected":false},"excerpt":{"rendered":"<p>Am gestrigen 18. August donnerten zwei israelische Kampfflugzeuge vom Typ F-16 und drei deutsche Eurofighter in einer gemeinsamen Formation &uuml;ber das ehemalige KZ Dachau. Dies ist zynisch und ein Skandal. Die Bundeswehr wurde von NS-Gener&auml;len, die f&uuml;r den Holocaust mitverantwortlich waren, mitgegr&uuml;ndet. Ex-NS-Milit&auml;rs waren bis Mitte der 1960er Jahre die Spitzenvertreter der Bundeswehr. Die deutsche<\/p>\n<div class=\"readMore\"><a class=\"moretag\" href=\"https:\/\/www.nachdenkseiten.de\/?p=63909\">Weiterlesen<\/a><\/div>\n","protected":false},"author":11,"featured_media":0,"comment_status":"closed","ping_status":"closed","sticky":false,"template":"","format":"standard","meta":{"spay_email":"","footnotes":""},"categories":[172,161],"tags":[358,1557,1403,1937,990],"class_list":["post-63909","post","type-post","status-publish","format-standard","hentry","category-aufruestung","category-wertedebatte","tag-bundeswehr","tag-israel","tag-konzentrationslager","tag-militaermanoever","tag-wehrmacht"],"jetpack_featured_media_url":"","_links":{"self":[{"href":"https:\/\/www.nachdenkseiten.de\/index.php?rest_route=\/wp\/v2\/posts\/63909","targetHints":{"allow":["GET"]}}],"collection":[{"href":"https:\/\/www.nachdenkseiten.de\/index.php?rest_route=\/wp\/v2\/posts"}],"about":[{"href":"https:\/\/www.nachdenkseiten.de\/index.php?rest_route=\/wp\/v2\/types\/post"}],"author":[{"embeddable":true,"href":"https:\/\/www.nachdenkseiten.de\/index.php?rest_route=\/wp\/v2\/users\/11"}],"replies":[{"embeddable":true,"href":"https:\/\/www.nachdenkseiten.de\/index.php?rest_route=%2Fwp%2Fv2%2Fcomments&post=63909"}],"version-history":[{"count":5,"href":"https:\/\/www.nachdenkseiten.de\/index.php?rest_route=\/wp\/v2\/posts\/63909\/revisions"}],"predecessor-version":[{"id":63915,"href":"https:\/\/www.nachdenkseiten.de\/index.php?rest_route=\/wp\/v2\/posts\/63909\/revisions\/63915"}],"wp:attachment":[{"href":"https:\/\/www.nachdenkseiten.de\/index.php?rest_route=%2Fwp%2Fv2%2Fmedia&parent=63909"}],"wp:term":[{"taxonomy":"category","embeddable":true,"href":"https:\/\/www.nachdenkseiten.de\/index.php?rest_route=%2Fwp%2Fv2%2Fcategories&post=63909"},{"taxonomy":"post_tag","embeddable":true,"href":"https:\/\/www.nachdenkseiten.de\/index.php?rest_route=%2Fwp%2Fv2%2Ftags&post=63909"}],"curies":[{"name":"wp","href":"https:\/\/api.w.org\/{rel}","templated":true}]}}