{"id":64591,"date":"2020-09-10T09:00:49","date_gmt":"2020-09-10T07:00:49","guid":{"rendered":"https:\/\/www.nachdenkseiten.de\/?p=64591"},"modified":"2020-09-10T12:42:53","modified_gmt":"2020-09-10T10:42:53","slug":"das-brennende-fluechtlingslager-moria-entlarvt-die-verlogenheit-der-etablierten-kaempfer-fuer-die-menschenrechte","status":"publish","type":"post","link":"https:\/\/www.nachdenkseiten.de\/?p=64591","title":{"rendered":"Das brennende Fl\u00fcchtlingslager Moria entlarvt die Verlogenheit der etablierten K\u00e4mpfer f\u00fcr die Menschenrechte"},"content":{"rendered":"<p>Merkel, Maas, Trittin, R&ouml;ttgen, Steinmeier usw. k&auml;mpfen unentwegt f&uuml;r Demokratie und Menschenrechte &ndash; in Wei&szlig;russland, in Russland, in Syrien, usw. Sie zeigen mit dem Finger auf andere und merken nicht, dass vier Finger auf sie selbst zeigen. Im konkreten Fall ist seit Jahren bekannt, dass die Menschen in den Fl&uuml;chtlingslagern am Rande der Europ&auml;ischen Union verzweifelt sind, sich selbst verst&uuml;mmeln, Br&auml;nde legen oder solche von Einheimischen gelegt werden. Jedenfalls eine menschenverachtende Situation. Das Problem wurde bisher angeblich deshalb nicht gel&ouml;st, weil eine gr&ouml;&szlig;ere Zahl von L&auml;ndern wie zum Beispiel Polen eine faire Verteilung der Fl&uuml;chtlinge in Europa blockiert. Kritische Stimmen sagen, die Wunde habe man offengelassen, um andere potentielle Fl&uuml;chtlinge abzuschrecken. Wie auch immer: menschenverachtend. Bitte beachten Sie: Deutschland, also die Bundeskanzlerin, der Bundesau&szlig;enminister und der Bundesinnenminister haben zurzeit jeweils den Vorsitz in den EU-Ratsgremien. Sie k&ouml;nnten, sie m&uuml;ssten auch kraft dieser Funktion handeln. Mal sehen, was geschieht. Eines wissen wir schon: Sie werden weiter zusammen mit ihrer Medien-Entourage verk&uuml;nden: Wir sind die Guten und klagen &uuml;berall auf der Welt die Einhaltung der Menschenrechte ein. <strong>Albrecht M&uuml;ller<\/strong>.<br>\n<!--more--><br>\nTitelbild: Ververidis Vasilis \/ Shutterstock<\/p>\n","protected":false},"excerpt":{"rendered":"<p>Merkel, Maas, Trittin, R&ouml;ttgen, Steinmeier usw. k&auml;mpfen unentwegt f&uuml;r Demokratie und Menschenrechte &ndash; in Wei&szlig;russland, in Russland, in Syrien, usw. Sie zeigen mit dem Finger auf andere und merken nicht, dass vier Finger auf sie selbst zeigen. Im konkreten Fall ist seit Jahren bekannt, dass die Menschen in den Fl&uuml;chtlingslagern am Rande der Europ&auml;ischen Union<\/p>\n<div class=\"readMore\"><a class=\"moretag\" href=\"https:\/\/www.nachdenkseiten.de\/?p=64591\">Weiterlesen<\/a><\/div>\n","protected":false},"author":2,"featured_media":64592,"comment_status":"closed","ping_status":"closed","sticky":false,"template":"","format":"standard","meta":{"spay_email":"","footnotes":""},"categories":[169,161],"tags":[1055,305],"class_list":["post-64591","post","type-post","status-publish","format-standard","has-post-thumbnail","hentry","category-aussen-und-sicherheitspolitik","category-wertedebatte","tag-fluechtlinge","tag-menschenrechte"],"jetpack_featured_media_url":"https:\/\/www.nachdenkseiten.de\/wp-content\/uploads\/2020\/09\/shutterstock_1495031954.jpg","_links":{"self":[{"href":"https:\/\/www.nachdenkseiten.de\/index.php?rest_route=\/wp\/v2\/posts\/64591","targetHints":{"allow":["GET"]}}],"collection":[{"href":"https:\/\/www.nachdenkseiten.de\/index.php?rest_route=\/wp\/v2\/posts"}],"about":[{"href":"https:\/\/www.nachdenkseiten.de\/index.php?rest_route=\/wp\/v2\/types\/post"}],"author":[{"embeddable":true,"href":"https:\/\/www.nachdenkseiten.de\/index.php?rest_route=\/wp\/v2\/users\/2"}],"replies":[{"embeddable":true,"href":"https:\/\/www.nachdenkseiten.de\/index.php?rest_route=%2Fwp%2Fv2%2Fcomments&post=64591"}],"version-history":[{"count":3,"href":"https:\/\/www.nachdenkseiten.de\/index.php?rest_route=\/wp\/v2\/posts\/64591\/revisions"}],"predecessor-version":[{"id":64610,"href":"https:\/\/www.nachdenkseiten.de\/index.php?rest_route=\/wp\/v2\/posts\/64591\/revisions\/64610"}],"wp:featuredmedia":[{"embeddable":true,"href":"https:\/\/www.nachdenkseiten.de\/index.php?rest_route=\/wp\/v2\/media\/64592"}],"wp:attachment":[{"href":"https:\/\/www.nachdenkseiten.de\/index.php?rest_route=%2Fwp%2Fv2%2Fmedia&parent=64591"}],"wp:term":[{"taxonomy":"category","embeddable":true,"href":"https:\/\/www.nachdenkseiten.de\/index.php?rest_route=%2Fwp%2Fv2%2Fcategories&post=64591"},{"taxonomy":"post_tag","embeddable":true,"href":"https:\/\/www.nachdenkseiten.de\/index.php?rest_route=%2Fwp%2Fv2%2Ftags&post=64591"}],"curies":[{"name":"wp","href":"https:\/\/api.w.org\/{rel}","templated":true}]}}