{"id":672,"date":"2005-07-03T11:34:01","date_gmt":"2005-07-03T09:34:01","guid":{"rendered":"http:\/\/www.nachdenkseiten.de\/v2\/?p=672"},"modified":"2005-07-03T11:34:01","modified_gmt":"2005-07-03T09:34:01","slug":"hinweis-heiner-flassbeck-warum-die-vorschlage-zur-%e2%80%9eflexiblen%e2%80%9c-lohnsenkung-oder-zur-aufhebung-von-flachentarifvertragen-gegen-den-geist-der-marktwirtschaft-verstosen","status":"publish","type":"post","link":"https:\/\/www.nachdenkseiten.de\/?p=672","title":{"rendered":"Hinweis: Heiner Flassbeck: Warum die Vorschl\u00e4ge zur \u201eflexiblen\u201c Lohnsenkung oder zur Aufhebung von Fl\u00e4chentarifvertr\u00e4gen gegen den Geist der Marktwirtschaft versto\u00dfen"},"content":{"rendered":"<p>Quelle: <a href=\"http:\/\/www.fr-aktuell.de\/ressorts\/wirtschaft_und_boerse\/wirtschaft\/?cnt=695234&amp;\">FR<\/a> (Link tot &ndash; 5. Mai 2006)<\/p>\n","protected":false},"excerpt":{"rendered":"<p>Quelle: <a href=\"http:\/\/www.fr-aktuell.de\/ressorts\/wirtschaft_und_boerse\/wirtschaft\/?cnt=695234&amp;\">FR<\/a> (Link tot &ndash; 5. Mai 2006)<\/p>\n","protected":false},"author":3,"featured_media":0,"comment_status":"closed","ping_status":"open","sticky":false,"template":"","format":"standard","meta":{"spay_email":"","footnotes":""},"categories":[19],"tags":[],"class_list":["post-672","post","type-post","status-publish","format-standard","hentry","category-hinweise-des-tages"],"jetpack_featured_media_url":"","_links":{"self":[{"href":"https:\/\/www.nachdenkseiten.de\/index.php?rest_route=\/wp\/v2\/posts\/672","targetHints":{"allow":["GET"]}}],"collection":[{"href":"https:\/\/www.nachdenkseiten.de\/index.php?rest_route=\/wp\/v2\/posts"}],"about":[{"href":"https:\/\/www.nachdenkseiten.de\/index.php?rest_route=\/wp\/v2\/types\/post"}],"author":[{"embeddable":true,"href":"https:\/\/www.nachdenkseiten.de\/index.php?rest_route=\/wp\/v2\/users\/3"}],"replies":[{"embeddable":true,"href":"https:\/\/www.nachdenkseiten.de\/index.php?rest_route=%2Fwp%2Fv2%2Fcomments&post=672"}],"version-history":[{"count":0,"href":"https:\/\/www.nachdenkseiten.de\/index.php?rest_route=\/wp\/v2\/posts\/672\/revisions"}],"wp:attachment":[{"href":"https:\/\/www.nachdenkseiten.de\/index.php?rest_route=%2Fwp%2Fv2%2Fmedia&parent=672"}],"wp:term":[{"taxonomy":"category","embeddable":true,"href":"https:\/\/www.nachdenkseiten.de\/index.php?rest_route=%2Fwp%2Fv2%2Fcategories&post=672"},{"taxonomy":"post_tag","embeddable":true,"href":"https:\/\/www.nachdenkseiten.de\/index.php?rest_route=%2Fwp%2Fv2%2Ftags&post=672"}],"curies":[{"name":"wp","href":"https:\/\/api.w.org\/{rel}","templated":true}]}}