{"id":67862,"date":"2020-12-10T14:00:35","date_gmt":"2020-12-10T13:00:35","guid":{"rendered":"https:\/\/www.nachdenkseiten.de\/?p=67862"},"modified":"2020-12-10T17:07:04","modified_gmt":"2020-12-10T16:07:04","slug":"gleiches-recht-fuer-den-100-000-dm-schaeuble-wie-fuer-ballwegs-querdenker","status":"publish","type":"post","link":"https:\/\/www.nachdenkseiten.de\/?p=67862","title":{"rendered":"Gleiches Recht f\u00fcr den 100.000-DM-Sch\u00e4uble wie f\u00fcr Ballwegs Querdenker!"},"content":{"rendered":"<p>Was ist gef&auml;hrlicher f&uuml;r eine wirkliche Demokratie &ndash; die Demonstrationen der Querdenker und die daran angeh&auml;ngten Reichsb&uuml;rger? Oder die durch Tricks und Gesetzesbruch erreichte Machtstellung der CDU\/CSU? &ndash; Querdenker demonstrieren. Das ist ihr gutes Recht. Ballwegs Querdenker haben einiges &bdquo;verbrochen&ldquo;, was kritische Blicke ausl&ouml;st. Sie haben zum Beispiel anl&auml;sslich der Demonstrationen vom 29. 8. in Berlin von &bdquo;verfassungsgebender Versammlung&ldquo; gesprochen und sie haben bei n&auml;chster Gelegenheit die Gastfreundschaft eines Menschen genossen, der sich K&ouml;nig von Deutschland nennt. Ersteres ist anma&szlig;end, Letzteres schlicht albern. Aber sind das Angriffe auf unsere Verfassung, die die Beobachtung durch den Verfassungsschutz rechtfertigen? Unsere Demokratie wurde und wird durch ganz andere Vorg&auml;nge ernsthaft bedroht, zum Beispiel durch Parteienfinanzierungsmanipulationen der CDU und der CSU. Sie haben die f&uuml;r eine Demokratie notwendige Existenz gleicher Wettbewerbschancen ausgehebelt. Lesen Sie <a href=\"https:\/\/de.wikipedia.org\/wiki\/CDU-Spendenaff%C3%A4re\">diesen Wikipedia-Artikel<\/a>. Schwarze Konten, ungekl&auml;rte Millionen Spenden und Spender f&uuml;r die Union und speziell f&uuml;r Helmut Kohl, 100.000 DM f&uuml;r Sch&auml;uble, einfach so im Briefkuvert entgegengenommen und weitergereicht. Der baden-w&uuml;rttembergische Innenminister Strobl t&auml;te gut daran, den Verfassungsschutz auf seinen Schwiegervater Sch&auml;uble anzusetzen. <strong>Albrecht M&uuml;ller<\/strong>.<\/p><p><em>Dieser Beitrag ist auch als Audio-Podcast verf&uuml;gbar.<\/em><br>\n<!--more--><br>\n<\/p><div class=\"powerpress_player\" id=\"powerpress_player_1890\"><!--[if lt IE 9]><script>document.createElement('audio');<\/script><![endif]-->\n<audio class=\"wp-audio-shortcode\" id=\"audio-67862-1\" preload=\"none\" style=\"width: 100%;\" controls=\"controls\"><source type=\"audio\/mpeg\" src=\"https:\/\/www.nachdenkseiten.de\/upload\/podcast\/201210-Gleiches-Recht-fuer-den-100000-DM-Schaeuble-wie-fuer-Ballwegs-Querdenker-NDS.mp3?_=1\"><\/source><a href=\"https:\/\/www.nachdenkseiten.de\/upload\/podcast\/201210-Gleiches-Recht-fuer-den-100000-DM-Schaeuble-wie-fuer-Ballwegs-Querdenker-NDS.mp3\">https:\/\/www.nachdenkseiten.de\/upload\/podcast\/201210-Gleiches-Recht-fuer-den-100000-DM-Schaeuble-wie-fuer-Ballwegs-Querdenker-NDS.mp3<\/a><\/audio><\/div><p class=\"powerpress_links powerpress_links_mp3\">Podcast: <a href=\"https:\/\/www.nachdenkseiten.de\/upload\/podcast\/201210-Gleiches-Recht-fuer-den-100000-DM-Schaeuble-wie-fuer-Ballwegs-Querdenker-NDS.mp3\" class=\"powerpress_link_pinw\" target=\"_blank\" title=\"Play in new window\" onclick=\"return powerpress_pinw('https:\/\/www.nachdenkseiten.de\/?powerpress_pinw=67862-podcast');\" rel=\"nofollow\">Play in new window<\/a> | <a href=\"https:\/\/www.nachdenkseiten.de\/upload\/podcast\/201210-Gleiches-Recht-fuer-den-100000-DM-Schaeuble-wie-fuer-Ballwegs-Querdenker-NDS.mp3\" class=\"powerpress_link_d\" title=\"Download\" rel=\"nofollow\" download=\"201210-Gleiches-Recht-fuer-den-100000-DM-Schaeuble-wie-fuer-Ballwegs-Querdenker-NDS.mp3\">Download<\/a><\/p><p>Nicht wegen der kriminellen Machenschaften, die an der F&uuml;hrungsspitze der Union &uuml;blich sind. Das allein bedroht die demokratischen Verh&auml;ltnisse noch nicht. Sie werden bedroht, wenn es keinen fairen Wettbewerb zwischen den verschiedenen politischen Lagern gibt. Und damit praktisch auch kaum noch eine Chance zum demokratischen Wechsel. Diesen gibt es nicht mehr. Den gab es &uuml;brigens von Anfang an in der westdeutschen Republik nicht. Der erste gelungene Kanzlerwechsel nach 20 Jahren CDU\/CSU-Herrschaft war ein reiner Gl&uuml;cksfall. Schon 13 Jahre sp&auml;ter kam Helmut Kohl und die Union schon wieder an die Macht und auch diese Machteroberung war finanziell von dubiosen Spenden, im konkreten Fall von Flick, unterf&uuml;ttert. Die bei Wikipedia beschriebenen Aff&auml;ren leiteten die Periode der Herrschaft von Angela Merkel ein. Auch sie ist Profiteurin dieser besonderen Art undemokratischer Verh&auml;ltnisse. <\/p><p>Vergleichen Sie bitte diese permanenten Verletzungen demokratischer Grundregeln mit den jetzt gelegentlich stattfindenden Demonstrationen auf Deutschlands Stra&szlig;en und Pl&auml;tzen. Selbst wenn in diesen Zusammenh&auml;ngen schwarzwei&szlig;rote Reichsflaggen geschwenkt werden, ja selbst wenn dort eine neue verfassungsgebende Versammlung gefordert wird, bedrohen diese Demonstrationen unsere demokratischen Verh&auml;ltnisse auch nicht andeutungsweise so schwer wie die Finanz- und Machtstrukturen im Umfeld von CDU\/CSU.<\/p><p>Zu den Einseitigkeiten der Finanzierung und den damit verbundenen Machenschaften kam verschlimmernd noch die Personalpolitik der Union hinzu, vor allem auch in den Medien, und dabei insbesondere in den &ouml;ffentlich-rechtlichen Medien. Dass die &ouml;ffentlich-rechtlichen Sender ihre herausragende, weil aufkl&auml;rende Rolle weitgehend eingeb&uuml;&szlig;t haben, ist die Folge dieser Vorherrschaft der Union.<\/p><p>Wegen der Dominanz von CDU und CSU bei den Medien wird jetzt auch ein Vorgang wie die Beobachtung der Querdenker durch den baden-w&uuml;rttembergischen Verfassungsschutz in Deutschlands Medien kaum kritisch hinterfragt. Heute fr&uuml;h habe ich kurz vor 9:00 Uhr die Pressestimmen im Deutschlandfunk geh&ouml;rt. <a href=\"https:\/\/www.deutschlandfunk.de\/presseschau-aus-deutschen-zeitungen.2287.de.html\">Siehe hier<\/a>. Von der S&uuml;ddeutschen Zeitung &uuml;ber die M&auml;rkische Oderzeitung bis zur Leipziger Volkszeitung &ndash; nur Lob und Verst&auml;ndnis f&uuml;r die Initiative des Innenministers Strobl aus Baden-W&uuml;rttemberg.<\/p><p>Dieser sonderbare Vorgang geht jetzt von einem Bundesland aus, dessen Ministerpr&auml;sident Kretschmann m&ouml;glicherweise selbst einmal Gegenstand von Beobachtungen des Verfassungsschutzes war. Kretschmann war von 1973-1975 Mitglied des Kommunistischen Bundes Westdeutschland (KBW). Er m&uuml;sste eigentlich wissen, wie das ist, wenn man vom Verfassungsschutz beobachtet wird. Und er m&uuml;sste eigentlich auch beurteilen k&ouml;nnen, ob im konkreten Fall der Querdenker eine solche Ma&szlig;nahme angebracht ist. Und er m&uuml;sste eigentlich noch etwas anderes wissen: dass n&auml;mlich der Verfassungsschutz in Organisationen wie KBW und Querdenken Personen einschleust und man am Ende oft nicht mehr wei&szlig;, welche &Auml;u&szlig;erungen und Demonstrationen und welche Fahnen und Parolen von wem kommen und von wem geschwenkt werden &ndash; von den angeblichen Verfassungsfeinden oder von den eingeschleusten Agenten.<\/p><p>Das alles ist zum Heulen und hat mit Sorgen, mit echten Sorgen um die Qualit&auml;t unserer Demokratie nichts zu tun. Gar nichts.<\/p>\n","protected":false},"excerpt":{"rendered":"<p>Was ist gef&auml;hrlicher f&uuml;r eine wirkliche Demokratie &ndash; die Demonstrationen der Querdenker und die daran angeh&auml;ngten Reichsb&uuml;rger? Oder die durch Tricks und Gesetzesbruch erreichte Machtstellung der CDU\/CSU? &ndash; Querdenker demonstrieren. Das ist ihr gutes Recht. Ballwegs Querdenker haben einiges &bdquo;verbrochen&ldquo;, was kritische Blicke ausl&ouml;st. Sie haben zum Beispiel anl&auml;sslich der Demonstrationen vom 29. 8. in<\/p>\n<div class=\"readMore\"><a class=\"moretag\" href=\"https:\/\/www.nachdenkseiten.de\/?p=67862\">Weiterlesen<\/a><\/div>\n","protected":false},"author":2,"featured_media":67863,"comment_status":"closed","ping_status":"closed","sticky":false,"template":"","format":"standard","meta":{"spay_email":"","footnotes":""},"categories":[107,126,60,182],"tags":[282,901,1475,2999,731],"class_list":["post-67862","post","type-post","status-publish","format-standard","has-post-thumbnail","hentry","category-audio-podcast","category-erosion-der-demokratie","category-innere-sicherheit","category-medienkonzentration-vermachtung-der-medien","tag-buergerproteste","tag-geheimdienste","tag-parteispenden","tag-querdenken","tag-strobl-thomas"],"jetpack_featured_media_url":"https:\/\/www.nachdenkseiten.de\/wp-content\/uploads\/2020\/12\/offmdommjfpmjmfp.png","_links":{"self":[{"href":"https:\/\/www.nachdenkseiten.de\/index.php?rest_route=\/wp\/v2\/posts\/67862","targetHints":{"allow":["GET"]}}],"collection":[{"href":"https:\/\/www.nachdenkseiten.de\/index.php?rest_route=\/wp\/v2\/posts"}],"about":[{"href":"https:\/\/www.nachdenkseiten.de\/index.php?rest_route=\/wp\/v2\/types\/post"}],"author":[{"embeddable":true,"href":"https:\/\/www.nachdenkseiten.de\/index.php?rest_route=\/wp\/v2\/users\/2"}],"replies":[{"embeddable":true,"href":"https:\/\/www.nachdenkseiten.de\/index.php?rest_route=%2Fwp%2Fv2%2Fcomments&post=67862"}],"version-history":[{"count":5,"href":"https:\/\/www.nachdenkseiten.de\/index.php?rest_route=\/wp\/v2\/posts\/67862\/revisions"}],"predecessor-version":[{"id":67876,"href":"https:\/\/www.nachdenkseiten.de\/index.php?rest_route=\/wp\/v2\/posts\/67862\/revisions\/67876"}],"wp:featuredmedia":[{"embeddable":true,"href":"https:\/\/www.nachdenkseiten.de\/index.php?rest_route=\/wp\/v2\/media\/67863"}],"wp:attachment":[{"href":"https:\/\/www.nachdenkseiten.de\/index.php?rest_route=%2Fwp%2Fv2%2Fmedia&parent=67862"}],"wp:term":[{"taxonomy":"category","embeddable":true,"href":"https:\/\/www.nachdenkseiten.de\/index.php?rest_route=%2Fwp%2Fv2%2Fcategories&post=67862"},{"taxonomy":"post_tag","embeddable":true,"href":"https:\/\/www.nachdenkseiten.de\/index.php?rest_route=%2Fwp%2Fv2%2Ftags&post=67862"}],"curies":[{"name":"wp","href":"https:\/\/api.w.org\/{rel}","templated":true}]}}