{"id":71539,"date":"2021-04-13T12:12:09","date_gmt":"2021-04-13T10:12:09","guid":{"rendered":"https:\/\/www.nachdenkseiten.de\/?p=71539"},"modified":"2021-04-26T12:10:00","modified_gmt":"2021-04-26T10:10:00","slug":"2-jahre-im-hochsicherheitsgefaengnis-weltweite-aktionen-fuer-julian-assange-und-wikileaks-ist-noetiger-denn-je","status":"publish","type":"post","link":"https:\/\/www.nachdenkseiten.de\/?p=71539","title":{"rendered":"2 Jahre im Hochsicherheitsgef\u00e4ngnis, weltweite Aktionen f\u00fcr Julian Assange und Wikileaks ist n\u00f6tiger denn je"},"content":{"rendered":"<p>Am letzten Sonntag j&auml;hrte sich die Verhaftung von Julian Assange im Londoner Botschaftsasyl zum zweiten Mal. W&auml;hrend an vielen Orten der Welt Menschen f&uuml;r seine Freilassung demonstrierten, sitzt er weiterhin isoliert im Belmarsh-Gef&auml;ngnis in London. Politiker, die sonst gerne die Einhaltung der Menschenrechte fordern, wenn es um China, Russland oder andere nicht genehme Staaten geht, schweigen zu diesem Fall in den eigenen Reihen. Der Einfluss der USA auf ihre &bdquo;Verb&uuml;ndeten&ldquo; ist zu gro&szlig;. Von <strong>Moritz M&uuml;ller<\/strong>.<\/p><p><em>Dieser Beitrag ist auch als Audio-Podcast verf&uuml;gbar.<\/em><br>\n<!--more--><br>\n<\/p><div class=\"powerpress_player\" id=\"powerpress_player_1986\"><!--[if lt IE 9]><script>document.createElement('audio');<\/script><![endif]-->\n<audio class=\"wp-audio-shortcode\" id=\"audio-71539-1\" preload=\"none\" style=\"width: 100%;\" controls=\"controls\"><source type=\"audio\/mpeg\" src=\"https:\/\/www.nachdenkseiten.de\/upload\/podcast\/210413_2_Jahre_im_Hochsicherheitsgefaengnis_fuer_Julian_Assange_NDS.mp3?_=1\"><\/source><a href=\"https:\/\/www.nachdenkseiten.de\/upload\/podcast\/210413_2_Jahre_im_Hochsicherheitsgefaengnis_fuer_Julian_Assange_NDS.mp3\">https:\/\/www.nachdenkseiten.de\/upload\/podcast\/210413_2_Jahre_im_Hochsicherheitsgefaengnis_fuer_Julian_Assange_NDS.mp3<\/a><\/audio><\/div><p class=\"powerpress_links powerpress_links_mp3\">Podcast: <a href=\"https:\/\/www.nachdenkseiten.de\/upload\/podcast\/210413_2_Jahre_im_Hochsicherheitsgefaengnis_fuer_Julian_Assange_NDS.mp3\" class=\"powerpress_link_pinw\" target=\"_blank\" title=\"Play in new window\" onclick=\"return powerpress_pinw('https:\/\/www.nachdenkseiten.de\/?powerpress_pinw=71539-podcast');\" rel=\"nofollow\">Play in new window<\/a> | <a href=\"https:\/\/www.nachdenkseiten.de\/upload\/podcast\/210413_2_Jahre_im_Hochsicherheitsgefaengnis_fuer_Julian_Assange_NDS.mp3\" class=\"powerpress_link_d\" title=\"Download\" rel=\"nofollow\" download=\"210413_2_Jahre_im_Hochsicherheitsgefaengnis_fuer_Julian_Assange_NDS.mp3\">Download<\/a><\/p><p>Am Sonntag gab es Protestveranstaltungen in <a href=\"https:\/\/twitter.com\/letmelooktv\/status\/1381246910107897866\">London<\/a>, Konstanz, Frankfurt, in den USA und Assanges Heimat Australien. Und auch heute und in den n&auml;chsten Tagen finden an vielen Orten in Deutschland Mahnwachen statt, an denen man <a href=\"https:\/\/www.freeassange.eu\/#veranstaltungen\">teilnehmen<\/a> kann. <\/p><p>Das Engagement auf der Stra&szlig;e f&uuml;r Assange und die Pressefreiheit scheint stetig zu wachsen, w&auml;hrend die etablierten Medien und Politiker im Dunstkreis der Macht durch Stillschweigen unh&ouml;rbar sind.<\/p><p>Ende Januar hatte z.B. der Gr&uuml;nen-Vorsitzende Robert Habeck in einem <a href=\"https:\/\/www.nachdenkseiten.de\/?p=70089\">Interview<\/a> gesagt, er fordere die Freilassung von Assange. Wenn man jetzt im Internet nach &bdquo;assange habeck&ldquo; sucht, findet man dazu auch 2&frac12; Monate sp&auml;ter nichts Neues. <\/p><p>Wahrscheinlich sind die Gr&uuml;nen zu besch&auml;ftigt, regierungsf&auml;hig zu werden und die Prinzipien, die es noch gibt, auch noch &uuml;ber Bord zu werfen. Leider sind sie nicht die einzige Partei, die ihre pazifistische Grundeinstellung &uuml;ber Bord geworfen hat, zugunsten einer Politik, die versucht, an vielen Orten der Welt den Polizisten zu spielen. <\/p><p>Diese Politik der Aufr&uuml;stung wird wahrscheinlich schiefgehen und die Welt wird zu einem immer unsichereren und gewaltt&auml;tigeren Ort werden. Wenn Menschen aus dem Nahen Osten bei uns in der westlichen Wertegemeinschaft Gewalt anwenden, nennen wir sie Terroristen, wenn die Bundeswehr in Afghanistan Menschen t&ouml;tet, wird &bdquo;unsere Freiheit am Hindukusch verteidigt&ldquo;. <\/p><p>Eigentlich kann es hier nur um allen menschlichen und moralischen Zweifeln &uuml;bergeordnete wirtschaftliche Interessen gehen, die uns als humanit&auml;res Eingreifen verkauft werden. An 68 Milliarden Euro f&uuml;r R&uuml;stung im Bundeshaushalt l&auml;sst sich sicher einiges verdienen und gleichzeitig kann man sich mit milit&auml;rischer Macht Ressourcen sichern. Nicht umsonst stehen die letzten Soldaten der USA in Syrien in dessem &ouml;lreichen Osten. Vor 11 Jahren trat Bundespr&auml;sident Horst K&ouml;hler zur&uuml;ck, weil er beschrieben, aber nicht gefordert, hatte, dass die Bundeswehr in Zukunft wahrscheinlich Kriege um Ressourcen f&uuml;hren werde, und dies damals auf heftige Kritik stie&szlig;.<\/p><p>Heutzutage scheint  diese Einsch&auml;tzung weitaus mehr salonf&auml;hig zu sein.<\/p><p>Nur ein paar Jahre zuvor waren <a href=\"https:\/\/wikileaks.org\/\">Wikileaks<\/a> und dessen Mitbegr&uuml;nder Julian Assange angetreten, um ebendiese Politik der Kriege und Interventionen und der damit verbundenen Morde und anderer Verbrechen offenzulegen. Nach einer kurzen Phase der Euphorie und Unterst&uuml;tzung und auch Profilgewinn lie&szlig;en sich die meisten etablierten Medien, welche mit Wikileaks zusammengearbeitet hatten, ins Bockshorn jagen und &uuml;bten Stillschweigen &uuml;ber die Behandlung von Julian Assange oder beteiligten sich an der Jagd auf ihn und der Zerst&ouml;rung seiner Person. Wikileaks scheint im Moment vollends damit besch&auml;ftigt zu sein, sich um sich selbst und Julian Assange zu k&uuml;mmern.<\/p><p>Nun sitzt er allein im Hochsicherheitsgef&auml;ngnis Belmarsh, ohne dass die Herausgeber von SPIEGEL, The Guardian, New York Times usw. mit ihm auf der Anklagebank sitzen w&uuml;rden.<\/p><p>Es ist interessant, dass es die nicht so m&auml;chtigen Individuen, Initiativen, Institutionen und Publikationen sind, die sich f&uuml;r ihn einsetzen, und es bleibt zu hoffen, dass der Druck der Stra&szlig;e weiter zunimmt.<\/p><p>Hier ist ein interessanter <a href=\"https:\/\/bitcoinmagazine.com\/culture\/bitcoiners-should-stand-up-for-my-brother-julian-assange\">Artikel<\/a>, den Assanges Bruder Gabriel geschrieben hat. Er mutma&szlig;t, dass die Berufungsverhandlung am Londoner High Court schon im Mai stattfinden k&ouml;nnte. Es w&auml;re sch&ouml;n, wenn die Ablehnung seiner Auslieferung best&auml;tigt w&uuml;rde und er dann auch wirklich freigelassen wird und er dann am 3. Juli seinen 50. Geburtstag in Freiheit und im Kreise seiner Familie feiern kann.   <\/p><p>Uns Menschen steht das Wasser buchst&auml;blich bis zum Hals und dennoch scheinen wir nichts gelernt zu haben aus unserer konfliktreichen Geschichte, in der Kriege zu uns&auml;glichem Leid, Trauma  und Zerst&ouml;rung gef&uuml;hrt haben. Die Folgen des Zweiten Weltkriegs wirken bis heute nach und trotzdem veranstalten wir Man&ouml;ver an der Grenze Russlands und wundern uns, dass die russische Regierung hierauf mit Truppenkonzentrationen reagiert bzw. es wird nur &uuml;ber die russische Aufr&uuml;stung berichtet, aber nicht dar&uuml;ber, was dieser voranging.<\/p><p>Die Gesamtsituation auf unserer gebeutelten Erde verlangt nach Kooperation anstatt Konfrontation.<\/p><p>Ich bin gespannt, ob bei der Bundestagswahl im Herbst noch eine jetzt im Bundestag vertretene Partei antritt, welche Auslandseins&auml;tze der Bundeswehr ablehnt, oder ob das allgemeine Vergessen der Grauen des Krieges weitergeht.<\/p><p>Man sollte sich klarmachen, dass die Kriege, die zurzeit weltweit gef&uuml;hrt werden, die gleichen schrecklichen Effekte haben wie der letzte und der n&auml;chste Krieg in der Mitte Europas. Es n&uuml;tzt nicht, dies auszublenden und nicht alles daran zu setzen, dies zu vermeiden.<\/p><p><em><strong>Anmerkung Moritz M&uuml;ller, 14. April:<\/strong> Gestern hatte ich f&auml;lschlicherweise geschrieben, Bundespr&auml;sident Horst K&ouml;hler sei &ldquo;vor weniger  als 8 Jahren&rdquo; zur&uuml;ckgetreten, aber er ist tats&auml;chlich schon am 31. Mai 2010 zur&uuml;ckgetreten.<\/em><\/p><p>Titelbild: anitage\/shutterstock.com<\/p>\n","protected":false},"excerpt":{"rendered":"<p>Am letzten Sonntag j&auml;hrte sich die Verhaftung von Julian Assange im Londoner Botschaftsasyl zum zweiten Mal. W&auml;hrend an vielen Orten der Welt Menschen f&uuml;r seine Freilassung demonstrierten, sitzt er weiterhin isoliert im Belmarsh-Gef&auml;ngnis in London. Politiker, die sonst gerne die Einhaltung der Menschenrechte fordern, wenn es um China, Russland oder andere nicht genehme Staaten geht,<\/p>\n<div class=\"readMore\"><a class=\"moretag\" href=\"https:\/\/www.nachdenkseiten.de\/?p=71539\">Weiterlesen<\/a><\/div>\n","protected":false},"author":11,"featured_media":71540,"comment_status":"closed","ping_status":"closed","sticky":false,"template":"","format":"standard","meta":{"spay_email":"","footnotes":""},"categories":[105,169,107,35,198,126],"tags":[681,282,2163,2175,2301,665],"class_list":["post-71539","post","type-post","status-publish","format-standard","has-post-thumbnail","hentry","category-aktuelles","category-aussen-und-sicherheitspolitik","category-audio-podcast","category-aufbau-gegenoeffentlichkeit","category-einzelne-politiker-personen-der-zeitgeschichte","category-erosion-der-demokratie","tag-assange-julian","tag-buergerproteste","tag-gefaengnis","tag-interventionspolitik","tag-konfrontationspolitik","tag-wikileaks-2"],"jetpack_featured_media_url":"https:\/\/www.nachdenkseiten.de\/wp-content\/uploads\/2021\/04\/shutterstock_1891390243-1.jpg","_links":{"self":[{"href":"https:\/\/www.nachdenkseiten.de\/index.php?rest_route=\/wp\/v2\/posts\/71539","targetHints":{"allow":["GET"]}}],"collection":[{"href":"https:\/\/www.nachdenkseiten.de\/index.php?rest_route=\/wp\/v2\/posts"}],"about":[{"href":"https:\/\/www.nachdenkseiten.de\/index.php?rest_route=\/wp\/v2\/types\/post"}],"author":[{"embeddable":true,"href":"https:\/\/www.nachdenkseiten.de\/index.php?rest_route=\/wp\/v2\/users\/11"}],"replies":[{"embeddable":true,"href":"https:\/\/www.nachdenkseiten.de\/index.php?rest_route=%2Fwp%2Fv2%2Fcomments&post=71539"}],"version-history":[{"count":14,"href":"https:\/\/www.nachdenkseiten.de\/index.php?rest_route=\/wp\/v2\/posts\/71539\/revisions"}],"predecessor-version":[{"id":71907,"href":"https:\/\/www.nachdenkseiten.de\/index.php?rest_route=\/wp\/v2\/posts\/71539\/revisions\/71907"}],"wp:featuredmedia":[{"embeddable":true,"href":"https:\/\/www.nachdenkseiten.de\/index.php?rest_route=\/wp\/v2\/media\/71540"}],"wp:attachment":[{"href":"https:\/\/www.nachdenkseiten.de\/index.php?rest_route=%2Fwp%2Fv2%2Fmedia&parent=71539"}],"wp:term":[{"taxonomy":"category","embeddable":true,"href":"https:\/\/www.nachdenkseiten.de\/index.php?rest_route=%2Fwp%2Fv2%2Fcategories&post=71539"},{"taxonomy":"post_tag","embeddable":true,"href":"https:\/\/www.nachdenkseiten.de\/index.php?rest_route=%2Fwp%2Fv2%2Ftags&post=71539"}],"curies":[{"name":"wp","href":"https:\/\/api.w.org\/{rel}","templated":true}]}}