{"id":719,"date":"2005-08-01T12:14:46","date_gmt":"2005-08-01T10:14:46","guid":{"rendered":"http:\/\/www.nachdenkseiten.de\/v2\/?p=719"},"modified":"2016-03-06T14:54:45","modified_gmt":"2016-03-06T13:54:45","slug":"alle-macht-geht-von-der-wirtschaft-aus-ruttgers-ubertragt-in-nrw-das-haushaltsrecht-des-parlaments-an-unternehmer-und-ihre-berater","status":"publish","type":"post","link":"https:\/\/www.nachdenkseiten.de\/?p=719","title":{"rendered":"Alle Macht geht von der Wirtschaft aus. R\u00fcttgers \u00fcbertr\u00e4gt in NRW das Haushaltsrecht des Parlaments an Unternehmer und ihre Berater"},"content":{"rendered":"<p>In der Koalitionsvereinbarung zwischen der nordrhein-westf&auml;lischen CDU und der FDP vom 16. Juni 2005 hei&szlig;t es: &bdquo;Das von der bisherigen Landesregierung geschaffene ausufernde Beauftragtenwesen werden wir zur&uuml;ckf&uuml;hren&hellip;Eine effiziente Verwaltung braucht nicht f&uuml;r jedes Problem noch zus&auml;tzlich &bdquo;Beauftragte&ldquo;.&ldquo; Kaum an der Regierung, setzt die Landesregierung NRW eine &bdquo;Expertengruppe zur Haushaltskonsolidierung&ldquo; ein.<br>\n<!--more--><br>\nSeit der &bdquo;Petition of Right&ldquo; , die das Parlament von England im Jahre 1628 an K&ouml;nig Karl I. richtete, gilt die Entscheidung &uuml;ber den Haushalt als h&ouml;chstes Recht des Parlaments. Der englische K&ouml;nig musste dieses Recht damals zun&auml;chst zubilligen, l&ouml;ste aber ein Jahr sp&auml;ter das Parlament auf und regierte absolutistisch.<br>\nDie Gefahr eines neuen Absolutismus besteht beim nordrhein-westf&auml;lischen Ministerpr&auml;sidenten nat&uuml;rlich nicht, dazu ist er viel zu wankelm&uuml;tig. R&uuml;ttgers &uuml;bertr&auml;gt das Haushaltsrecht des Souver&auml;ns lieber an die IHK oder an Unternehmer bzw. an Unternehmensberater &agrave; la Bertelsmann und McKinsey&amp;Companie. <\/p><p>Eine Expertengruppe ausschlie&szlig;lich zusammengesetzt aus Unternehmensvertretern, Bankern und Unternehmensberatern, soll &bdquo;vor der Haushaltsaufstellung 2006&ldquo; &bdquo;Vorschl&auml;ge f&uuml;r eine strukturelle Haushaltssanierung und deren Umsetzung unterbreiten&ldquo;. <\/p><p>&bdquo;Die Staatskanzlei wird zum verl&auml;ngerten Schreibtisch der Handwerkskammern und der Wirtschaftsverb&auml;nde&ldquo;, haben wir auf den NachDenkSeiten in einem Kommentar zu den Koalitionsvereinbarungen prognostiziert. (Vgl. <a href=\"?p=609\">NachDenkSeiten<\/a>) Schneller als zu bef&uuml;rchten war, ist diese Vorhersage eingetreten. <\/p><p>Schauen Sie sich mal an, wer k&uuml;nftig in NRW das Sagen hat:<br>\nQuelle: <a href=\"http:\/\/www.presseservice.nrw.de\/01_textdienst\/11_pm\/2005\/q3\/20050729_02.html\" title=\"Externer Link zu http:\/\/www.presseservice.nrw.de\/01_textdienst\/11_pm\/2005\/q3\/20050729_02.html\">Presseservice NRW<\/a> <em>(Link nicht mehr erreichbar &ndash; 10.5.2005)<\/em><\/p>\n","protected":false},"excerpt":{"rendered":"<p>In der Koalitionsvereinbarung zwischen der nordrhein-westf&auml;lischen CDU und der FDP vom 16. Juni 2005 hei&szlig;t es: &bdquo;Das von der bisherigen Landesregierung geschaffene ausufernde Beauftragtenwesen werden wir zur&uuml;ckf&uuml;hren&hellip;Eine effiziente Verwaltung braucht nicht f&uuml;r jedes Problem noch zus&auml;tzlich &bdquo;Beauftragte&ldquo;.&ldquo; Kaum an der Regierung, setzt die Landesregierung NRW eine &bdquo;Expertengruppe zur Haushaltskonsolidierung&ldquo; ein.<\/p>\n","protected":false},"author":3,"featured_media":0,"comment_status":"closed","ping_status":"open","sticky":false,"template":"","format":"standard","meta":{"spay_email":"","footnotes":""},"categories":[135,127,190],"tags":[754,274],"class_list":["post-719","post","type-post","status-publish","format-standard","hentry","category-finanzpolitik","category-lobbyismus-und-politische-korruption","category-wahlen","tag-nrw","tag-ruettgers-juergen"],"jetpack_featured_media_url":"","_links":{"self":[{"href":"https:\/\/www.nachdenkseiten.de\/index.php?rest_route=\/wp\/v2\/posts\/719","targetHints":{"allow":["GET"]}}],"collection":[{"href":"https:\/\/www.nachdenkseiten.de\/index.php?rest_route=\/wp\/v2\/posts"}],"about":[{"href":"https:\/\/www.nachdenkseiten.de\/index.php?rest_route=\/wp\/v2\/types\/post"}],"author":[{"embeddable":true,"href":"https:\/\/www.nachdenkseiten.de\/index.php?rest_route=\/wp\/v2\/users\/3"}],"replies":[{"embeddable":true,"href":"https:\/\/www.nachdenkseiten.de\/index.php?rest_route=%2Fwp%2Fv2%2Fcomments&post=719"}],"version-history":[{"count":1,"href":"https:\/\/www.nachdenkseiten.de\/index.php?rest_route=\/wp\/v2\/posts\/719\/revisions"}],"predecessor-version":[{"id":31908,"href":"https:\/\/www.nachdenkseiten.de\/index.php?rest_route=\/wp\/v2\/posts\/719\/revisions\/31908"}],"wp:attachment":[{"href":"https:\/\/www.nachdenkseiten.de\/index.php?rest_route=%2Fwp%2Fv2%2Fmedia&parent=719"}],"wp:term":[{"taxonomy":"category","embeddable":true,"href":"https:\/\/www.nachdenkseiten.de\/index.php?rest_route=%2Fwp%2Fv2%2Fcategories&post=719"},{"taxonomy":"post_tag","embeddable":true,"href":"https:\/\/www.nachdenkseiten.de\/index.php?rest_route=%2Fwp%2Fv2%2Ftags&post=719"}],"curies":[{"name":"wp","href":"https:\/\/api.w.org\/{rel}","templated":true}]}}