{"id":75270,"date":"2021-08-18T10:00:05","date_gmt":"2021-08-18T08:00:05","guid":{"rendered":"https:\/\/www.nachdenkseiten.de\/?p=75270"},"modified":"2021-08-27T10:41:24","modified_gmt":"2021-08-27T08:41:24","slug":"offener-brief-an-die-berliner-gesundheitssenatorin-zur-unzureichenden-wissenschaftlichen-datenlage-fuer-impfungen-und-rigide-corona-massnahmen-fuer-kinder","status":"publish","type":"post","link":"https:\/\/www.nachdenkseiten.de\/?p=75270","title":{"rendered":"Offener Brief an die Berliner Gesundheitssenatorin zur unzureichenden wissenschaftlichen Datenlage f\u00fcr Impfungen und rigide Corona-Ma\u00dfnahmen f\u00fcr Kinder"},"content":{"rendered":"<p>Die Berliner Gesundheitssenatorin Dilek Kalayci hat an den Eltern vorbei Kinder und Jugendliche ab 12 Jahren direkt angeschrieben, um sie von einer Impfung zu &uuml;berzeugen. Was aber in dem Schreiben fehlt, sind ausgewogene Informationen mit wissenschaftlicher Grundlage. Wir ver&ouml;ffentlichen hier einen Offenen Brief von Eltern, die sich &uuml;ber das &ldquo;Forum Schule &ndash; wie weiter?&rdquo; zusammengefunden haben, mit dem sich B&uuml;rger gegen diese Vorgehensweise wenden und Informationen und Begr&uuml;ndungen einfordern k&ouml;nnen. Unterzeichnet werden kann der Brief <a href=\"https:\/\/www.lernen-aus-corona.de\/brief-gesundheitssenatorin\/\">hier<\/a>. Von <strong>Redaktion<\/strong>.  <\/p><p><em>Dieser Beitrag ist auch als Audio-Podcast verf&uuml;gbar.<\/em><br>\n<!--more--><br>\n<\/p><div class=\"powerpress_player\" id=\"powerpress_player_1013\"><!--[if lt IE 9]><script>document.createElement('audio');<\/script><![endif]-->\n<audio class=\"wp-audio-shortcode\" id=\"audio-75270-1\" preload=\"none\" style=\"width: 100%;\" controls=\"controls\"><source type=\"audio\/mpeg\" src=\"https:\/\/www.nachdenkseiten.de\/upload\/podcast\/210818_Offener_Brief_an_die_Berliner_Gesundheitssenatorin_wegen_rigider_Corona_Massnahmen_fuer_Kinder_NDS.mp3?_=1\"><\/source><a href=\"https:\/\/www.nachdenkseiten.de\/upload\/podcast\/210818_Offener_Brief_an_die_Berliner_Gesundheitssenatorin_wegen_rigider_Corona_Massnahmen_fuer_Kinder_NDS.mp3\">https:\/\/www.nachdenkseiten.de\/upload\/podcast\/210818_Offener_Brief_an_die_Berliner_Gesundheitssenatorin_wegen_rigider_Corona_Massnahmen_fuer_Kinder_NDS.mp3<\/a><\/audio><\/div><p class=\"powerpress_links powerpress_links_mp3\">Podcast: <a href=\"https:\/\/www.nachdenkseiten.de\/upload\/podcast\/210818_Offener_Brief_an_die_Berliner_Gesundheitssenatorin_wegen_rigider_Corona_Massnahmen_fuer_Kinder_NDS.mp3\" class=\"powerpress_link_pinw\" target=\"_blank\" title=\"Play in new window\" onclick=\"return powerpress_pinw('https:\/\/www.nachdenkseiten.de\/?powerpress_pinw=75270-podcast');\" rel=\"nofollow\">Play in new window<\/a> | <a href=\"https:\/\/www.nachdenkseiten.de\/upload\/podcast\/210818_Offener_Brief_an_die_Berliner_Gesundheitssenatorin_wegen_rigider_Corona_Massnahmen_fuer_Kinder_NDS.mp3\" class=\"powerpress_link_d\" title=\"Download\" rel=\"nofollow\" download=\"210818_Offener_Brief_an_die_Berliner_Gesundheitssenatorin_wegen_rigider_Corona_Massnahmen_fuer_Kinder_NDS.mp3\">Download<\/a><\/p><p>Berlin, den 16. August 2021<\/p><p>Sehr geehrte Frau Senatorin Kalayci, <\/p><p>in einem Schreiben vom 28.07. (versandt offenbar erst am 10.08.) wenden Sie sich in einer ganz  grundlegenden Frage an unsere Kinder. Sie empfehlen Kindern und Jugendlichen die Impfung und setzen sich damit &uuml;ber die bis dato immer wieder ge&auml;u&szlig;erten Bedenken der St&auml;ndigen Impfkommission (Stiko) hinweg. Mittlerweile hat die Stiko ihre Beschlussempfehlung auf politischen Druck hin ge&auml;ndert. Jetzt sind die Bundesl&auml;nder in der Pflicht und der Verantwortung.<\/p><p>Wir Eltern fordern Sie auf, darzulegen, auf welcher Wissensgrundlage Sie unsere Kinder zum Impfen gegen das Coronavirus dr&auml;ngen. Denn Ihrem Schreiben fehlen s&auml;mtliche Ans&auml;tze f&uuml;r eine verantwortungsvolle und f&uuml;rsorgliche gesundheitliche Aufkl&auml;rung. Mal davon abgesehen, dass es ein fragw&uuml;rdiger Stil ist, die Erziehungs-und Sorgeberechtigten einfach zu umgehen und sich an unsere Kinder zu wenden, ist uns v&ouml;llig unklar, welche Informationen Sie f&uuml;r diesen Schritt gegeneinander abgewogen haben. Ihr Schreiben ist voller Behauptungen, die von Ihnen nicht belegt werden.<\/p><p>Wo sind die Informationen, die Argumente, die Studien, die uns M&uuml;tter und V&auml;ter beruhigen und &uuml;berzeugen k&ouml;nnten, dass eine Impfung unseren Kinder voraussichtlich mehr nutzt als schadet?<\/p><p>Wo erw&auml;hnen Sie, dass Sie alle vorliegenden Informationen &uuml;ber bereits belegte und aufgrund von Berichten zumindest zu bef&uuml;rchtende Risiken durch die Impfung f&uuml;r die j&uuml;ngere Generation sorgf&auml;ltig gepr&uuml;ft und abgewogen haben, bevor Sie sich mit Ihrer Empfehlung an unsere Kinder wenden (und nicht an uns Eltern, die das zu entscheiden haben und die sich um die Kinder k&uuml;mmern, wenn sie tats&auml;chlich krank oder dauerhaft beeintr&auml;chtigt werden sollten durch einen solchen Eingriff).<\/p><p>Zeigen Sie uns Expertisen, pr&auml;sentieren Sie uns Wissenschaftler, die uns verst&auml;ndliche, verl&auml;ssliche und vor allem aktuelle Informationen geben, melden Sie sich selbst zu Wort und versichern Sie uns, <strong>dass Sie die volle politische Verantwortung f&uuml;r m&ouml;gliche Sch&auml;den an der Gesundheit unserer Kinder &uuml;bernehmen!<\/strong><\/p><p>In Ihrem Schreiben findet sich dazu: NICHTS. Schaut man (was die allermeisten Jugendlichen nicht machen werden) auf die im Brief angegebenen Seiten des Berliner Senats, findet sich dazu: NICHTS. <strong>Sie schreiben Kinder und Jugendliche an, damit diese sich &ndash; m&ouml;glicherweise gegen den Willen ihrer besorgten Eltern &ndash; impfen lassen, und kl&auml;ren diese selbst und ihre Familien &uuml;ber m&ouml;gliche Risiken und Langzeitfolgen gar nicht auf?<\/strong><\/p><p>Sie erw&auml;hnen nicht, dass es sich um eine v&ouml;llig neue Form von Impfstoff handelt, zu dessen Wirkung es &uuml;berhaupt noch keine Langzeitstudien gibt, ja gar nicht geben kann, da es sich um eine erst k&uuml;rzlich genehmigte bedingte Zulassung handelt? Sie erw&auml;hnen nicht, dass der Impfstoff vor allem f&uuml;r <em>diejenigen<\/em> von Nutzen ist, die von einer schweren Erkrankung mit Covid-19 bedroht sind, also vor allem erwachsene, sehr viel &auml;ltere Personen und vor allem Menschen mit einem schwachen Immunsystem und Vorerkrankungen?<\/p><p>Sie erw&auml;hnen nicht, dass Kinder und auch Jugendliche statistisch praktisch kaum gef&auml;hrdet sind, an Covid-19 schwer zu erkranken, geschweige denn daran zu sterben, dass sie aber <em>die<\/em> Bev&ouml;lkerungsgruppe waren und sind, die am schwersten und am schlimmsten unter den Ma&szlig;nahmen gelitten hat und bis heute leidet!? Und dass Sie genau damit versuchen, nun Druck aufzubauen, nach dem Motto, Ihr d&uuml;rft erst wieder Spa&szlig; haben, Sport machen und lernen, wenn Ihr alle durchgeimpft seid!<\/p><p>In dem mittlerweile ver&ouml;ffentlichten Bulletin der Stiko wird &uuml;brigens genau das als Hauptgrund f&uuml;r die nunmehr ge&auml;nderte Haltung zu den Impfungen f&uuml;r Minderj&auml;hrige angef&uuml;hrt: Es geht darum, &bdquo;indirekte&ldquo; negative Folgen f&uuml;r die Kinder und Jugendlichen &bdquo;durch Einschr&auml;nkungen der sozialen und kulturellen Teilhabe abzumildern&ldquo; (zu finden <a href=\"https:\/\/www.rki.de\/DE\/Content\/Infekt\/EpidBull\/Archiv\/2021\/Ausgaben\/33_21.pdf?__blob=publicationFile\">hier<\/a>). Wie absurd ist das???[<a href=\"#foot_0\" name=\"note_0\">*<\/a>]<\/p><p>Sie erw&auml;hnen <em>nicht<\/em>, dass die Hersteller f&uuml;r etwaige Sch&auml;den gar nicht haften, sondern der Staat und damit der Steuerzahler (m\/w\/d) oder die Solidargemeinschaft der Krankenversicherten!?<\/p><p>Sie erw&auml;hnen nicht, dass negative Impffolgen keineswegs systematisch erfasst werden. Wenn man dies sicherstellen wollte, dann w&uuml;rde man die Menschen zwei Wochen, dann vielleicht zwei Monate und ggf. zwei Jahre nach der Impfung noch einmal befragen und dabei mindestens noch einmal in eine Arztpraxis beordern und sorgf&auml;ltig untersuchen. Pr&uuml;fen, ob eventuelle Beschwerden in irgendeinem Zusammenhang mit den Impfungen stehen k&ouml;nnten. Und dar&uuml;ber die Bev&ouml;lkerung offensiv und schnell informieren. Nichts dergleichen passiert &ndash; weder in Berlin, noch bundesweit. Warum nicht? Und wie sollten wir Eltern da Vertrauen haben, dass Sie unseren Kindern schon das Beste raten? Und warum steigen so viele Arztpraxen aus den Impfprogrammen aus?<\/p><p>Wo sind die Studien, die belegen, dass diverse Berichte &ndash; wie z.B. Anfang Juni vom Redaktionsnetzwerk Deutschland &ndash; &uuml;ber starke Blutungen bei Frauen und M&auml;dchen infolge der Impfung ein Fehlalarm waren[<a href=\"#foot_1\" name=\"note_1\">1<\/a>]? Dass der staatsanwaltschaftlich best&auml;tigte Tod einer 32j&auml;hrigen infolge der Impfung, wie von der &bdquo;Welt&ldquo; berichtet, ein absolut tragischer Einzelfall war[<a href=\"#foot_2\" name=\"note_2\">2<\/a>]? Wo ist belegt, dass j&uuml;ngere Frauen und vielleicht sogar M&auml;dchen kein erh&ouml;htes Thromboserisiko haben[<a href=\"#foot_3\" name=\"note_3\">3<\/a>]? Dass sich &uuml;berhaupt M&auml;dchen und Frauen, die noch einmal Kinder kriegen wollen, mit gutem Gewissen impfen lassen k&ouml;nnen? Warum empfehlen Sie eine Impfung, die zur Folge haben kann, dass Kinder mit einer Herzmuskelentz&uuml;ndung ins Krankenhaus eingeliefert werden, wie die Stiko berichtet?<\/p><p>Wo sind die Studien, die uns Eltern die Sorge nehmen, dass in ein bis zwei Jahren Autoimmunerkrankungen oder auch Krebs bei Kindern und Jugendlichen weiter zunehmen?<br>\nUnd wo ist der Beleg daf&uuml;r, dass es der Gesellschaft wirklich mehr nutzt, wenn Kinder und Jugendliche geimpft werden, statt auf nat&uuml;rlichem Wege eine Immunantwort auf ein Virus zu entwickeln, dass f&uuml;r diese Altersgruppe erwiesenerma&szlig;en ganz &uuml;berwiegend nicht gef&auml;hrlich ist?<\/p><p>Wo k&ouml;nnen wir die von Ihrer Verwaltung sicherlich schon vor l&auml;ngerer Zeit erstellte Schaden-Nutzen-Analyse einsehen?<\/p><p><strong>Wenn es Ihnen wirklich um die Gesundheit unserer Kinder geht, belegen und begr&uuml;nden Sie bitte folgendes:<\/strong><\/p><p>Belegen Sie bitte, dass Kindern das stundenlange Tragen von Masken nichts ausmacht! Belegen Sie bitte, dass Sie daf&uuml;r gesorgt haben, dass nur solche Masken auf den Berliner Markt kommen, die ganz sicher keine sch&auml;dlichen Stoffe wie etwa das krebserregende Formaldehyd enthalten und bei deren Gebrauch ganz sicher keine Flusen auf der Lunge landen! Belegen Sie bitte, dass die CO2-R&uuml;ckatmung, die unsere Kinder nun &uuml;ber ein Jahr bei Hitze und bei K&auml;lte, und trotz weit aufgerissener Fenster, stundenlang jeden Tag erdulden mussten, nicht zu neuronalen Sch&auml;den im Hirn f&uuml;hrt!<\/p><p>Belegen Sie bitte, dass die immer weiter verbreitete Lethargie, die Depressionen, die zunehmenden Suchterkrankungen und Verhaltensauff&auml;lligkeiten unter Kindern und Jugendlichen nicht die Folge der auch von Ihnen verh&auml;ngten Kontaktverbote und Schulschlie&szlig;ungen sind, sondern auf das Virus zur&uuml;ckzuf&uuml;hren sind!<\/p><p>Begr&uuml;nden Sie bitte, dass es sinnvoll ist und war, <em>diejenige<\/em> Bev&ouml;lkerungsgruppe, die das niedrigste Risiko hat, an Corona schwer zu erkranken oder gar zu versterben, mit den sch&auml;rfsten, lebensfeindlichsten und vor allem stark entwicklungssch&auml;digenden Ma&szlig;nahmen zu belasten, w&auml;hrend Erwachsene mit Genehmigung des Berliner Senats wie beim CSD Massenpartys feiern d&uuml;rfen!?<\/p><p>Warum zum Beispiel ist die Maskenpflicht in der Schule nicht l&auml;ngst abgeschafft, da doch nun schon seit dem Fr&uuml;hjahr regelm&auml;&szlig;ig getestet wird? Apropos: Belegen Sie bitte, dass eine Reizung (und eventuelle Verletzung) der Nasenschleimhaut 3 bis 4 mal pro Woche nicht sch&auml;dlich ist, die Kinder nicht anf&auml;lliger f&uuml;r &Uuml;bertragungen aller m&ouml;glichen Krankheiten macht, inklusive Covid-19, dass nun h&auml;ufiger auftretendes Nasenbluten und st&auml;ndiger Juckreiz in der Nase bei Kindern nichts mit den regelm&auml;&szlig;igen Tests zu tun hat! Warum gibt es nicht an allen Berliner Schulen l&auml;ngst nicht-invasive Tests und warum gibt es keine Perspektive, wann dieser Testzirkus endlich abgeschafft wird? Die Inzidenzen sind &uuml;brigens aktuell unter Berliner Sch&uuml;lern signifikant niedriger als in der Gesamtbev&ouml;lkerung (Berliner Zeitung vom 16.08.21, [<a href=\"#foot_4\" name=\"note_4\">4<\/a>]).<\/p><p>Belegen Sie bitte, dass Kinder, die zwar m&ouml;glicherweise infiziert, aber ohne Symptome sind, f&uuml;r andere im normalen Umgang miteinander wirklich ansteckend sein k&ouml;nnen und das Virus h&auml;ufig verbreiten. Warum sagt der Leiter Frankfurter Gesundheitsamtes, Prof. Dr. Dr. med. Ren&eacute; Gottschalk, &bdquo;dass es keine Daten gibt, die diese Bef&uuml;rchtung jemals belastbar best&auml;tigt haben&ldquo;? (Berliner Zeitung, &Auml;rzteblatt, [<a href=\"#foot_5\" name=\"note_5\">5<\/a>])<\/p><p>Belegen Sie bitte, dass die Kontaktverbote, die Sportverbote, die Schlie&szlig;ung von Spielpl&auml;tzen, die &uuml;berm&auml;&szlig;ige Digitalisierung den Berliner Kindern und Jugendlichen nicht geschadet haben! Belegen Sie bitte, dass Berliner Kinder und Jugendliche nicht von der grassierenden Zunahme von Kurzsichtigkeit infolge der Zwangsdigitalisierung betroffen sind! Belegen Sie bitte, dass Berliner Kinder und Jugendliche im vergangenen Jahr nicht an Gewicht zugenommen haben, dass es keine R&uuml;ckentwicklungen bei der Motorik gab, dass es keine Zunahme von Essst&ouml;rungen und Suchterkrankungen gab, dass es keinen rasanten Anstieg von Depressionen und keine erh&ouml;hte Rate an Selbstmorden und Selbstmordversuchen im Kinder und Jugendalter gab, dass nicht mehr Kinder von h&auml;uslicher Gewalt betroffen waren! Belegen Sie bitte, dass all dies nichts mit den massenhaft verh&auml;ngten Quarant&auml;nen und Schulschlie&szlig;ungen zu tun hatte und dass es eine gute Idee ist, Jugendliche in der Pubert&auml;t f&uuml;nf Monate zu Hause einzusperren!!!<\/p><p>Belegen Sie bitte, dass Sie Ihre Arbeit als Gesundheitssenatorin ordentlich gemacht und alle diese Fragen sorgf&auml;ltig erwogen haben und im Falle besorgniserregender Entwicklungen sofort gepr&uuml;ft und Gegenma&szlig;nahmen eingeleitet haben!<\/p><p>Apropos: Eine wunderbare Gelegenheit dazu w&auml;ren die Schuluntersuchungen f&uuml;r die nun startenden Erstkl&auml;ssler gewesen. Diese fanden jedoch in manchen Bezirken gar nicht statt oder wurden so versp&auml;tet angeboten, dass die Familien schon in den Ferien waren. Und es wurde an die Eltern keine einzige Frage dahingehend gestellt, wie ihre Kinder durch die Corona-Zeit gekommen sind.<\/p><p>Wir erwarten Ihre baldige Antwort mit allen geforderten wissenschaftlichen Belegen &ndash; denn wir sollen ja auf die Experten h&ouml;ren.<\/p><p>Unterzeichner: <em>Berliner M&uuml;tter und V&auml;ter sowie viele andere Menschen, die sich um unsere Kinder und die Zukunft unserer Gesellschaft sorgen und Gedanken machen<\/em><\/p><p>Zum unterzeichnen bitte <a href=\"https:\/\/www.lernen-aus-corona.de\/brief-gesundheitssenatorin\/\">hier klicken<\/a>.<\/p><div class=\"hr_wrap\">\n<hr>\n<\/div><div class=\"footnote\">\n<p>[<a href=\"#note_0\" name=\"foot_0\">&laquo;*<\/a>] Aktualisierung 24.08.2021: Hier stand urspr&uuml;nglich, dass sich in den Impfstoffen genmanipulierte Organismen befinden, dies ist so nicht korrekt und wurde deshalb aus dem Schreiben entfernt. Richtig ist vielmehr, dass sich in den Impfstoffen die genetische Bauanleitung f&uuml;r ein so genanntes Spikeprotein befindet, und dass nicht erforscht ist, welche langfristigen gesundheitlichen Folgen mit der Injektion verbunden sein k&ouml;nnen.<\/p>\n<p>[<a href=\"#note_1\" name=\"foot_1\">&laquo;1<\/a>] RND vom 2.06.21: &bdquo;<a href=\"https:\/\/www.rnd.de\/gesundheit\/vaginale-blutungen-nach-corona-impfung-loesen-mrna-impfstoffe-zyklusstoerungen-aus-VM7W2HDUHFBELKO2LHQK7OOC5Q.html\">Starke vaginale Blutungen beobachtet. L&ouml;sen mRNA-Impfstoffe Zyklusst&ouml;rungen aus?<\/a>&ldquo;<\/p>\n<p>[<a href=\"#note_2\" name=\"foot_2\">&laquo;2<\/a>] Die Welt vom 28.04.21: &bdquo;<a href=\"https:\/\/www.welt.de\/politik\/deutschland\/article230732399\/Gehirnblutung-Tod-junger-Frau-hing-mit-AstraZeneca-Impfung-zusammen.html\">Laut Rechtsmedizinern hing Tod von junger Frau mit AstraZeneca-Impfung zusammen<\/a>&ldquo;<\/p>\n<p>[<a href=\"#note_3\" name=\"foot_3\">&laquo;3<\/a>] Die Welt vom 6.04.21: <a href=\"https:\/\/www.welt.de\/wissenschaft\/article229809541\/Chef-der-Impfabteilung-EMA-Vertreter-sieht-Verbindung-zwischen-AstraZeneca-Impfung-und-Thrombosen.html\">EMA sieht Zusammenhang zwischen Impfstoff und Thrombosen<\/a>.<\/p>\n<p>[<a href=\"#note_4\" name=\"foot_4\">&laquo;4<\/a>] <a href=\"https:\/\/www.berliner-zeitung.de\/news\/corona-in-berlin-13-neuinfektionen-inzidenz-sinkt-leicht-auf-613-li.177161\">Berliner Zeitung vom 16.08.21 zu sinkenden Inzidenzen eine Woche nach Schulbeginn<\/a>.<\/p>\n<p>[<a href=\"#note_5\" name=\"foot_5\">&laquo;5<\/a>] Der Leiter des Frankfurter Gesundheitsamtes, Prof. Dr. Dr. med. Ren&eacute; Gottschalk, zum &bdquo;Narrativ&ldquo; der &Uuml;bertragung von SARS-CoV-2 durch asymptomatische Kinder in der Berliner Zeitung und im Deutschen &Auml;rzteblatt:<br>\n<a href=\"https:\/\/www.berliner-zeitung.de\/news\/gesundheitsamts-chef-schluss-mit-test-ueberwachungs-und-regelungswahn-li.167911\">berliner-zeitung.de\/news\/gesundheitsamts-chef-schluss-mit-test-ueberwachungs-und-regelungswahn-li.167911<\/a><br>\n<a href=\"https:\/\/www.laekh.de\/heftarchiv\/ausgabe\/artikel\/2021\/juli-august-2021\/zweiter-corona-sommer-und-dann\">laekh.de\/heftarchiv\/ausgabe\/artikel\/2021\/juli-august-2021\/zweiter-corona-sommer-und-dann<\/a><\/p>\n<\/div>\n","protected":false},"excerpt":{"rendered":"<p>Die Berliner Gesundheitssenatorin Dilek Kalayci hat an den Eltern vorbei Kinder und Jugendliche ab 12 Jahren direkt angeschrieben, um sie von einer Impfung zu &uuml;berzeugen. Was aber in dem Schreiben fehlt, sind ausgewogene Informationen mit wissenschaftlicher Grundlage. Wir ver&ouml;ffentlichen hier einen Offenen Brief von Eltern, die sich &uuml;ber das &ldquo;Forum Schule &ndash; wie weiter?&rdquo; zusammengefunden<\/p>\n<div class=\"readMore\"><a class=\"moretag\" href=\"https:\/\/www.nachdenkseiten.de\/?p=75270\">Weiterlesen<\/a><\/div>\n","protected":false},"author":11,"featured_media":75273,"comment_status":"closed","ping_status":"closed","sticky":false,"template":"","format":"standard","meta":{"spay_email":"","footnotes":""},"categories":[105,107,35,149],"tags":[3018,1192,3063,2880,2857,2582,3110,2834,3050],"class_list":["post-75270","post","type-post","status-publish","format-standard","has-post-thumbnail","hentry","category-aktuelles","category-audio-podcast","category-aufbau-gegenoeffentlichkeit","category-gesundheitspolitik","tag-arzneimittelnebenwirkungen","tag-berlin","tag-forum-schule","tag-impfungen","tag-lockdown","tag-offener-brief","tag-produkthaftung","tag-virenerkrankung","tag-virentest"],"jetpack_featured_media_url":"https:\/\/www.nachdenkseiten.de\/wp-content\/uploads\/2021\/08\/shutterstock_1696025215.jpg","_links":{"self":[{"href":"https:\/\/www.nachdenkseiten.de\/index.php?rest_route=\/wp\/v2\/posts\/75270","targetHints":{"allow":["GET"]}}],"collection":[{"href":"https:\/\/www.nachdenkseiten.de\/index.php?rest_route=\/wp\/v2\/posts"}],"about":[{"href":"https:\/\/www.nachdenkseiten.de\/index.php?rest_route=\/wp\/v2\/types\/post"}],"author":[{"embeddable":true,"href":"https:\/\/www.nachdenkseiten.de\/index.php?rest_route=\/wp\/v2\/users\/11"}],"replies":[{"embeddable":true,"href":"https:\/\/www.nachdenkseiten.de\/index.php?rest_route=%2Fwp%2Fv2%2Fcomments&post=75270"}],"version-history":[{"count":12,"href":"https:\/\/www.nachdenkseiten.de\/index.php?rest_route=\/wp\/v2\/posts\/75270\/revisions"}],"predecessor-version":[{"id":75448,"href":"https:\/\/www.nachdenkseiten.de\/index.php?rest_route=\/wp\/v2\/posts\/75270\/revisions\/75448"}],"wp:featuredmedia":[{"embeddable":true,"href":"https:\/\/www.nachdenkseiten.de\/index.php?rest_route=\/wp\/v2\/media\/75273"}],"wp:attachment":[{"href":"https:\/\/www.nachdenkseiten.de\/index.php?rest_route=%2Fwp%2Fv2%2Fmedia&parent=75270"}],"wp:term":[{"taxonomy":"category","embeddable":true,"href":"https:\/\/www.nachdenkseiten.de\/index.php?rest_route=%2Fwp%2Fv2%2Fcategories&post=75270"},{"taxonomy":"post_tag","embeddable":true,"href":"https:\/\/www.nachdenkseiten.de\/index.php?rest_route=%2Fwp%2Fv2%2Ftags&post=75270"}],"curies":[{"name":"wp","href":"https:\/\/api.w.org\/{rel}","templated":true}]}}