{"id":77520,"date":"2021-11-02T09:32:40","date_gmt":"2021-11-02T08:32:40","guid":{"rendered":"https:\/\/www.nachdenkseiten.de\/?p=77520"},"modified":"2021-11-02T14:34:52","modified_gmt":"2021-11-02T13:34:52","slug":"wes-geistes-kind-die-berliner-zdf-redaktion-in-der-sicherheitspolitik-ist-fuers-militaer-fuer-abschreckung-statt-fuer-verhandlungen","status":"publish","type":"post","link":"https:\/\/www.nachdenkseiten.de\/?p=77520","title":{"rendered":"Wes Geistes Kind die Berliner ZDF-Redaktion in der Sicherheitspolitik ist: f\u00fcrs Milit\u00e4r, f\u00fcr Abschreckung statt f\u00fcr Verhandlungen"},"content":{"rendered":"<p><a href=\"https:\/\/www.zdf.de\/politik\/berlin-direkt\/berlin-direkt-vom-31-oktober-2021-100.html\">ZDF-Berlin direkt vom 31.10.2021<\/a> hilft ab Minute 14:45 beim Feindbildaufbau &ndash; und alle vier interviewten Personen und das ZDF selbst helfen kr&auml;ftig mit. So der ehemalige Wehrbeauftragte Hans-Peter Bartels vom konservativen Fl&uuml;gel der SPD, so Wolfgang Ischinger von der M&uuml;nchner Sicherheitskonferenz und seit Jahren Lobbyist des Milit&auml;rischen und des Gro&szlig;en Geldes, so der Vertreter des Bundeswehrverbandes und herausragend Ralf F&uuml;cks, fr&uuml;her einmal Co-Vorsitzender der Gr&uuml;nen, Vorstand der Heinrich-B&ouml;ll-Stiftung und wie mehrere Realos zuvor beim KBW (Kommunistischer Bund Westdeutschland). Das ZDF hat diese vier Personen offenbar gezielt ausgesucht. Sie alle beklagen, dass die Ampelkoalition das Milit&auml;r vernachl&auml;ssigen k&ouml;nnte. <strong>Albrecht M&uuml;ller<\/strong>.<\/p><p><em>Dieser Beitrag ist auch als Audio-Podcast verf&uuml;gbar.<\/em><br>\n<!--more--><br>\n<\/p><div class=\"powerpress_player\" id=\"powerpress_player_8959\"><!--[if lt IE 9]><script>document.createElement('audio');<\/script><![endif]-->\n<audio class=\"wp-audio-shortcode\" id=\"audio-77520-1\" preload=\"none\" style=\"width: 100%;\" controls=\"controls\"><source type=\"audio\/mpeg\" src=\"https:\/\/www.nachdenkseiten.de\/upload\/podcast\/211102-Wes-Geistes-Kind-die-berliner-ZDF-Redaktion-NDS.mp3?_=1\"><\/source><a href=\"https:\/\/www.nachdenkseiten.de\/upload\/podcast\/211102-Wes-Geistes-Kind-die-berliner-ZDF-Redaktion-NDS.mp3\">https:\/\/www.nachdenkseiten.de\/upload\/podcast\/211102-Wes-Geistes-Kind-die-berliner-ZDF-Redaktion-NDS.mp3<\/a><\/audio><\/div><p class=\"powerpress_links powerpress_links_mp3\">Podcast: <a href=\"https:\/\/www.nachdenkseiten.de\/upload\/podcast\/211102-Wes-Geistes-Kind-die-berliner-ZDF-Redaktion-NDS.mp3\" class=\"powerpress_link_pinw\" target=\"_blank\" title=\"Play in new window\" onclick=\"return powerpress_pinw('https:\/\/www.nachdenkseiten.de\/?powerpress_pinw=77520-podcast');\" rel=\"nofollow\">Play in new window<\/a> | <a href=\"https:\/\/www.nachdenkseiten.de\/upload\/podcast\/211102-Wes-Geistes-Kind-die-berliner-ZDF-Redaktion-NDS.mp3\" class=\"powerpress_link_d\" title=\"Download\" rel=\"nofollow\" download=\"211102-Wes-Geistes-Kind-die-berliner-ZDF-Redaktion-NDS.mp3\">Download<\/a><\/p><p>Formaler Ausgangspunkt der Klagen ist die Tatsache, dass es unter 22 Arbeitsgruppen der potentiellen Ampelkoalition nur eine Arbeitsgruppe f&uuml;r den gro&szlig;en Bereich der Au&szlig;en-, Sicherheits- und Entwicklungspolitik g&auml;be. Dann geht es weiter mit einer der &uuml;blichen tendenziellen Feststellungen: Der &bdquo;katastrophale R&uuml;ckzug&ldquo; aus Afghanistan habe Europa die eigene Schw&auml;che vor Augen gef&uuml;hrt. &ndash; War das das Problem? Kein Wort dazu, dass dieser Auslandseinsatz sich schon seit Jahren als falsch erwiesen hat und dass Auslandseins&auml;tze vermutlich grunds&auml;tzlich infrage gestellt werden m&uuml;ssten. <\/p><p>Dann wird beklagt, im Sondierungspapier der Ampel habe die 2-Prozent-Erh&ouml;hung des Milit&auml;retats keinen Niederschlag gefunden. Und dann wird befunden, dass man vermutlich das fehlende Geld &uuml;berall holen m&uuml;sse, auch bei den Ausgaben f&uuml;rs Milit&auml;r. Was soll daran falsch sein?<\/p><p>Dann ist die Rede davon, die Ampel wolle die Aufstockung der Bundeswehr um weitere Soldaten stoppen. Das habe die Bundeswehr aufgeschreckt. Und dann wird Andr&eacute; W&uuml;stner vom Deutschen Bundeswehrverband interviewt. Er meint, wir seien nicht im luftleeren Raum. Wir h&auml;tten der NATO und der EU versprochen, die milit&auml;rischen F&auml;higkeiten zu erh&ouml;hen. Dieses Versprechen k&ouml;nne man nicht einfach brechen. &ndash; Ist der Bundeswehrverband dazu berufen, sicherheitspolitische Fragen wie diese von ihrem Vertreter aufgeworfene Frage zu beantworten? Nein.<\/p><p>Dann wird Wolfgang Ischinger von der M&uuml;nchner Sicherheitskonferenz interviewt. Er merkt ab Minute 17:03 an, es gehe nicht um die Erf&uuml;llung der NATO+2 % Forderung, es gehe um unsere Sicherheit und um die vertraglich zugesicherte Sicherheit unserer Nachbarn. Dies sieht er &ndash; so wird vermittelt &ndash; nicht mehr als gegeben an. Wieso das? <\/p><p>Dann kommt vermischt mit dem ehemaligen Wehrbeauftragten Bartels ab Minute 17:20 zweimal Ralf F&uuml;cks ins Bild. Das Interview wird eingeleitet mit einem Blick auf die Spitzen der Gr&uuml;nen-Partei und der redaktionellen Bemerkung, es werde ja Geld f&uuml;r den Klimaschutz gebraucht, mehr Geld f&uuml;r Waffen und Truppen werde nachrangig.<\/p><p>Das wird von Ralf F&uuml;cks etwa so kommentiert: Wenn es um den harten Kern, n&auml;mlich um Milit&auml;r und <strong>Abschreckung gehe, die nicht &uuml;berholt sei, sondern wieder aktuell sei<\/strong>, dann t&auml;ten sich die Gr&uuml;nen nach wie vor schwer.<\/p><p>Dann wird zun&auml;chst der SPD-Fraktionsvorsitzende Rolf M&uuml;tzenich daf&uuml;r kritisiert, dass er die atomare Teilhabe und die Stationierung US-amerikanischer Atomwaffen in Deutschland kritisiere und beenden wolle. Dann wird darauf hingewiesen, dass die US-Atomwaffen von deutschen Tornados ins Ziel gebracht werden sollten und dass diese Tornados sehr alt seien und erneuert werden m&uuml;ssten. Das w&uuml;rde viele Milliarden kosten. Daraufhin wird wieder der SPD-Politiker und ehemalige Wehrbeauftragte Hans-Peter Bartels eingeblendet. Er meint, man m&uuml;sse aufpassen, dass es keine K&uuml;ndigung der atomaren Teilhabe auf kaltem Wege gebe, weil die Tornados wegen ihres Alters nicht einsatzf&auml;hig sind.<\/p><p>Dann kommt wieder Ralf F&uuml;cks ins Spiel: <strong>Wir d&auml;chten au&szlig;enpolitisch immer noch in Kategorien, dass sich alle Konflikte durch Verhandlungen und Geld l&ouml;sen lassen, dass es keine Gegner gebe.<\/strong> Das sei &uuml;berholt. <\/p><p>Wegen der damit offenbar gewordenen grunds&auml;tzlichen Ver&auml;nderung des politischen Geschehens weise ich auf diese Sendung des ZDF vom vergangenen Sonntag hin. Hier wird n&auml;mlich vom Zweiten Deutschen Fernsehen mit Berufung auf einen fr&uuml;heren Funktion&auml;r der Gr&uuml;nen-Partei und einige andere Personen die Behauptung aufgestellt, die Zeit der Entspannungs- und Friedenspolitik sei vorbei. Manche Konflikte lie&szlig;en sich durch Verhandlungen nicht l&ouml;sen. <\/p><p>Hier werden die beiden grunds&auml;tzlich unterschiedlichen Vorstellungen von Sicherheitspolitik sichtbar:<\/p><p>Zum einen die Vorstellung, man schaffe Sicherheit durch R&uuml;stung, durch Abschreckung und notfalls auch durch milit&auml;rische Interventionen. Das ist die Vorstellung, die den Kalten Krieg der F&uuml;nfziger- und Anfang Sechzigerjahre des letzten Jahrhunderts gepr&auml;gt hat und jetzt wieder aus der Mottenkiste geholt wird.<\/p><p>Zum anderen die Vorstellung, die die Au&szlig;en- und Sicherheitspolitik gegen Ende der Sechzigerjahre und bis 1990 gepr&auml;gt hat: Verhandlungen, Gewaltverzicht, Zusammenarbeit auf allen Ebenen &ndash; am besten ausgedr&uuml;ckt durch Willy Brandts Kernsatz in seiner Regierungserkl&auml;rung vom 28. Oktober 1969: Wir wollen ein Volk der guten Nachbarn sein.<\/p><p>Diese Linie zu beginnen und durchzuhalten und durchzusetzen, war nicht einfach. Sie gr&uuml;ndete am Anfang auch auf milit&auml;rischer R&uuml;stung. Es gab R&uuml;ckschl&auml;ge, aber sie f&uuml;hrte dann 1989 zum Ende der Blockkonfrontation und zur Verabredung in der Charta von Paris:<\/p><blockquote><p>\n&bdquo;Wir, die Staats- und Regierungschefs der Teilnehmerstaaten der Konferenz &uuml;ber Sicherheit und Zusammenarbeit in Europa, sind in einer Zeit tiefgreifenden Wandels und historischer Erwartungen in Paris zusammengetreten. Das Zeitalter der Konfrontation und der Teilung Europas ist zu Ende gegangen. Wir erkl&auml;ren, da&szlig; sich unsere Beziehungen k&uuml;nftig auf Achtung und Zusammenarbeit gr&uuml;nden werden. Europa befreit sich vom Erbe der Vergangenheit. Durch den Mut von M&auml;nnern und Frauen, die Willensst&auml;rke der V&ouml;lker und die Kraft der Ideen der Schlu&szlig;akte von Helsinki bricht in Europa ein neues Zeitalter der Demokratie, des Friedens und der Einheit an.&ldquo;\n<\/p><\/blockquote><p>Dieses neue Zeitalter des Friedens soll nach dem Willen zum Beispiel der interviewten Personen und auch der Redaktion von ZDF-Berlin-direkt schon wieder beendet sein. Das ist eine grundlegende Ver&auml;nderung, eine Restauration, eine R&uuml;ckw&auml;rtsentwicklung.<\/p><p>Das Engagement des ZDF f&uuml;r mehr Milit&auml;r und die Klage &uuml;ber mangelndes milit&auml;risches Bewusstsein der neuen Ampel ist auch deshalb abwegig, weil nach den bisherigen Informationen &uuml;ber die Tendenz der Sondierungsgespr&auml;che und Koalitionsverhandlungen klar geworden ist, dass das Milit&auml;r am allerwenigsten um seine Pfr&uuml;nde bangen muss: die Auslandseins&auml;tze der Bundeswehr werden nicht infrage gestellt, obwohl das nach der Katastrophe des Afghanistan-Einsatzes nahegelegen h&auml;tte, es soll bewaffnete Drohnen auch in deutschen H&auml;nden geben und die Ablehnung der atomaren Teilhabe, wie sie der SPD-Fraktionsvorsitzende M&uuml;tzenich fordert, scheint keinesfalls gesichert zu sein. <\/p><p><strong>P. S.: Zu Ralf F&uuml;cks und seinem Zentrum Liberale Moderne <\/strong><\/p><p>Im Zusammenhang mit dem ehemaligen Gr&uuml;nen-Politiker Ralf F&uuml;cks w&auml;re noch auf eine interessante Entwicklung hinzuweisen: F&uuml;cks hat zusammen mit seiner Frau Marieluise Beck ein Institut gegr&uuml;ndet, das Zentrum Liberale Moderne. Offenbar soll dieses Zentrum helfen, Auftr&auml;ge abzugreifen und Lobbyarbeit zu betreiben.<\/p><p>Die Liste der Gesellschafter <a href=\"https:\/\/libmod.de\/ueber-uns\/gesellschafter\/\">finden Sie hier<\/a>. Darunter sind diese Personen: <\/p><p><strong>John Kornblum<\/strong><br>\nBotschafter a.D. der USA in Deutschland<\/p><p><strong>Sabine Leutheusser-Schnarrenberger<\/strong><br>\nStellvertretende Vorsitzende der Friedrich-Naumann-Stiftung f&uuml;r die&nbsp;Freiheit<\/p><p><strong>Prof. Gert Weisskirchen<\/strong><br>\nMdB a.D., Osteuropa-Experte<\/p><p>Bei Kornblum wundert einen nichts. Er passt zu der vom Zentrum betriebenen Lobbyarbeit. <\/p><p>Dass Sabine Leutheusser-Schnarrenberger und Gert Weisskirchen sich f&uuml;r dieses Unternehmen hergeben, ist h&ouml;chst erstaunlich.<\/p><p>Offensichtlich gibt es ordentlich Auftr&auml;ge f&uuml;r das Zentrum. <a href=\"https:\/\/libmod.de\/ueber-uns\/team\/\">Hier<\/a> finden Sie ein Foto mit dem Team des Zentrums. Darauf sind 30 Mitarbeiterinnen und Mitarbeiter abgebildet. Wer ein bisschen mit solchen Einrichtungen zu tun hat, wei&szlig;, was das kostet. Aber das ist alles nicht erstaunlich. Wenn Stimmung f&uuml;r mehr Geld f&uuml;rs Milit&auml;r gemacht wird, dann flie&szlig;t auch das Geld f&uuml;r die besch&auml;ftigten Lobbyisten.<\/p>\n","protected":false},"excerpt":{"rendered":"<p><a href=\"https:\/\/www.zdf.de\/politik\/berlin-direkt\/berlin-direkt-vom-31-oktober-2021-100.html\">ZDF-Berlin direkt vom 31.10.2021<\/a> hilft ab Minute 14:45 beim Feindbildaufbau &ndash; und alle vier interviewten Personen und das ZDF selbst helfen kr&auml;ftig mit. So der ehemalige Wehrbeauftragte Hans-Peter Bartels vom konservativen Fl&uuml;gel der SPD, so Wolfgang Ischinger von der M&uuml;nchner Sicherheitskonferenz und seit Jahren Lobbyist des Milit&auml;rischen und des Gro&szlig;en Geldes, so der Vertreter<\/p>\n<div class=\"readMore\"><a class=\"moretag\" href=\"https:\/\/www.nachdenkseiten.de\/?p=77520\">Weiterlesen<\/a><\/div>\n","protected":false},"author":2,"featured_media":77521,"comment_status":"closed","ping_status":"closed","sticky":false,"template":"","format":"standard","meta":{"spay_email":"","footnotes":""},"categories":[107,172,123,129,183],"tags":[2035,1519,3148,358,2211,2265,1367,2523,1540,3149],"class_list":["post-77520","post","type-post","status-publish","format-standard","has-post-thumbnail","hentry","category-audio-podcast","category-aufruestung","category-kampagnentarnworteneusprech","category-lobbyorganisationen-und-interessengebundene-wissenschaft","category-medienkritik","tag-abschreckungsstrategie","tag-atomwaffen","tag-bartels-hans-peter","tag-bundeswehr","tag-fuecks-ralf","tag-ischinger-wolfgang","tag-ruestungsausgaben","tag-restauration","tag-zdf","tag-zentrum-liberale-moderne"],"jetpack_featured_media_url":"https:\/\/www.nachdenkseiten.de\/wp-content\/uploads\/2021\/11\/211102-Fu\u0308cks-Gegner-Berlin\u2013direkt.png","_links":{"self":[{"href":"https:\/\/www.nachdenkseiten.de\/index.php?rest_route=\/wp\/v2\/posts\/77520","targetHints":{"allow":["GET"]}}],"collection":[{"href":"https:\/\/www.nachdenkseiten.de\/index.php?rest_route=\/wp\/v2\/posts"}],"about":[{"href":"https:\/\/www.nachdenkseiten.de\/index.php?rest_route=\/wp\/v2\/types\/post"}],"author":[{"embeddable":true,"href":"https:\/\/www.nachdenkseiten.de\/index.php?rest_route=\/wp\/v2\/users\/2"}],"replies":[{"embeddable":true,"href":"https:\/\/www.nachdenkseiten.de\/index.php?rest_route=%2Fwp%2Fv2%2Fcomments&post=77520"}],"version-history":[{"count":5,"href":"https:\/\/www.nachdenkseiten.de\/index.php?rest_route=\/wp\/v2\/posts\/77520\/revisions"}],"predecessor-version":[{"id":77539,"href":"https:\/\/www.nachdenkseiten.de\/index.php?rest_route=\/wp\/v2\/posts\/77520\/revisions\/77539"}],"wp:featuredmedia":[{"embeddable":true,"href":"https:\/\/www.nachdenkseiten.de\/index.php?rest_route=\/wp\/v2\/media\/77521"}],"wp:attachment":[{"href":"https:\/\/www.nachdenkseiten.de\/index.php?rest_route=%2Fwp%2Fv2%2Fmedia&parent=77520"}],"wp:term":[{"taxonomy":"category","embeddable":true,"href":"https:\/\/www.nachdenkseiten.de\/index.php?rest_route=%2Fwp%2Fv2%2Fcategories&post=77520"},{"taxonomy":"post_tag","embeddable":true,"href":"https:\/\/www.nachdenkseiten.de\/index.php?rest_route=%2Fwp%2Fv2%2Ftags&post=77520"}],"curies":[{"name":"wp","href":"https:\/\/api.w.org\/{rel}","templated":true}]}}