{"id":82944,"date":"2022-04-14T09:07:03","date_gmt":"2022-04-14T07:07:03","guid":{"rendered":"https:\/\/www.nachdenkseiten.de\/?p=82944"},"modified":"2026-01-27T11:43:03","modified_gmt":"2026-01-27T10:43:03","slug":"entgleisung-bei-markus-lanz-wir-duerfen-nicht-vergessen-auch-wenn-russen-europaeisch-aussehen-dass-es-keine-europaeer-sind","status":"publish","type":"post","link":"https:\/\/www.nachdenkseiten.de\/?p=82944","title":{"rendered":"Entgleisung bei Markus Lanz: \u201eWir d\u00fcrfen nicht vergessen, auch wenn Russen europ\u00e4isch aussehen, dass es keine Europ\u00e4er sind\u201c"},"content":{"rendered":"<p>Die Politikwissenschaftlerin Florence Gaub vertrat am Dienstagabend bei Markus Lanz vor einem Millionenpublikum die Auffassung, dass Russen zwar wie Europ&auml;er auss&auml;hen, sie aber eigentlich gar keine Europ&auml;er seien. &bdquo;Die&ldquo; Russen h&auml;tten au&szlig;erdem einen &bdquo;anderen Bezug&ldquo; zur Gewalt und dem Tod. Das Bild vom russischen &bdquo;Untermenschen&ldquo; kommt zum Vorschein, der zwar so aussieht wie wir, aber im Grunde genommen doch &bdquo;minderwertig&ldquo; ist. Was Gaub sich geleistet hat &ndash; unwidersprochen von Lanz &ndash; muss ein Nachspiel haben. Ein Kommentar von <strong>Marcus Kl&ouml;ckner<\/strong>.<\/p><p><em>Dieser Beitrag ist auch als Audio-Podcast verf&uuml;gbar.<\/em><br>\n<!--more--><br>\n<\/p><div class=\"powerpress_player\" id=\"powerpress_player_9085\"><!--[if lt IE 9]><script>document.createElement('audio');<\/script><![endif]-->\n<audio class=\"wp-audio-shortcode\" id=\"audio-82944-1\" preload=\"none\" style=\"width: 100%;\" controls=\"controls\"><source type=\"audio\/mpeg\" src=\"https:\/\/www.nachdenkseiten.de\/upload\/podcast\/220414-Entgleisung-bei-Markus-Lanz-NDS.mp3?_=1\"><\/source><a href=\"https:\/\/www.nachdenkseiten.de\/upload\/podcast\/220414-Entgleisung-bei-Markus-Lanz-NDS.mp3\">https:\/\/www.nachdenkseiten.de\/upload\/podcast\/220414-Entgleisung-bei-Markus-Lanz-NDS.mp3<\/a><\/audio><\/div><p class=\"powerpress_links powerpress_links_mp3\">Podcast: <a href=\"https:\/\/www.nachdenkseiten.de\/upload\/podcast\/220414-Entgleisung-bei-Markus-Lanz-NDS.mp3\" class=\"powerpress_link_pinw\" target=\"_blank\" title=\"Play in new window\" onclick=\"return powerpress_pinw('https:\/\/www.nachdenkseiten.de\/?powerpress_pinw=82944-podcast');\" rel=\"nofollow\">Play in new window<\/a> | <a href=\"https:\/\/www.nachdenkseiten.de\/upload\/podcast\/220414-Entgleisung-bei-Markus-Lanz-NDS.mp3\" class=\"powerpress_link_d\" title=\"Download\" rel=\"nofollow\" download=\"220414-Entgleisung-bei-Markus-Lanz-NDS.mp3\">Download<\/a><\/p><p>Florence Gaub hat die &bdquo;Pole Position&ldquo; besetzt. Nicht in der Formel 1, aber daf&uuml;r in einer anderen Disziplin. Wie kann man &bdquo;die&ldquo; Russen maximal pauschalisierend in ihrem Sein als Menschen abwerten? Gaub hat es gezeigt. Wer sich vor Augen h&auml;lt, wie massiv seit dem Krieg gegen Russland gehetzt wird, muss zugeben, dass das Erreichen der Pole Positon in dieser Disziplin eine erstaunliche &bdquo;Leistung&ldquo; ist &ndash; nur eben keine, auf die Gaub stolz sein darf. <\/p><p>Im Grunde genommen war es zun&auml;chst eine Lanz-Sendung wie immer. Ein mehr oder weniger interessantes Geplauder. Neben Gaub sa&szlig;en die FAZ-Journalistin Helene Bubrowski, die SPD-Politikerin Klara Geywitz und die Bauingenieurin Lamia Messari-Becker in der Runde. Dann in der 45. Minute <a href=\"https:\/\/www.zdf.de\/gesellschaft\/markus-lanz\/markus-lanz-vom-12-april-2022-100.html\">Gaubs Entgleisung<\/a> (ab Minute 45:30): <\/p><blockquote><p>\nFlorence Gaub: Wir d&uuml;rfen nicht vergessen, auch wenn Russen europ&auml;isch aussehen, dass es keine Europ&auml;er sind &ndash; jetzt im kulturellen Sinne &ndash; die einen anderen Bezug zu Gewalt haben, die einen anderen Bezug zu Tod haben.<\/p>\n<p>Markus Lanz: Leidensf&auml;higer sind, oder was meinen Sie? <\/p>\n<p>Naja, (Gestammel) &hellip;das gibt da nicht diesen liberalen, postmodernen Zugang zum Leben; das Leben als ein Projekt , was jeder f&uuml;r sich individuell gestaltet, sondern das Leben kann auch mit dem Tod recht fr&uuml;h enden &ndash; ich meine Russland hat auch eine relativ niedrige Lebenserwartung , ich glaube 70 f&uuml;r M&auml;nner , &auml;hm, das ist halt einfach&hellip; da geht man einfach anders damit um, dass da Menschen sterben. <\/p>\n<p>Markus Lanz: Hm.<\/p>\n<p>Florence Gaub: Das ist dramatisch.\n<\/p><\/blockquote><p>Diese Aussagen muss man erstmal sacken lassen. <\/p><p>Gaub ist <a href=\"https:\/\/www.iss.europa.eu\/author\/florence-gaub?qt-tabs_author_items=3\">Vizedirektorin des Instituts der Europ&auml;ischen Union f&uuml;r Sicherheitsstudien in Paris<\/a>. Und sie ist an der <a href=\"https:\/\/puls.uni-potsdam.de\/qisserver\/rds?state=verpublish&amp;status=init&amp;vmfile=no&amp;moduleCall=webInfo&amp;publishConfFile=webInfoPerson&amp;publishSubDir=personal&amp;keep=y&amp;purge=y&amp;personal.pid=2637&amp;showsearch=n\">Universit&auml;t Potsdam als Lehrbeauftragte<\/a> gelistet. <\/p><p>In den n&auml;chsten Tagen wird sich vermutlich beobachten lassen, wie Gaub zur&uuml;ckrudert, wie sie selbstverst&auml;ndlich alles nicht so, sondern ganz anders gemeint hat. Man m&uuml;sse ihre Worte im Gesamtkontext verstehen und, ja, sie h&auml;tte anders formulieren sollen. Noch ist jedoch auf Ihrem Twitter-Kanal das Gegenteil von zumindest gespielter Einsicht zu sehen. <\/p><p>Gaub h&auml;lt erstmal dagegen, <a href=\"https:\/\/twitter.com\/FlorenceGaub\/status\/1514179467798880256\">wirft die Worte &bdquo;Bucha, Mariupol, Aleppo&ldquo;<\/a> in den Raum. Und: Sie versteigt sich in <a href=\"https:\/\/twitter.com\/FlorenceGaub\/status\/1514152917556727813\">Rechtfertigungen<\/a>, wonach 77 Prozent Russlands in Asien l&auml;gen*. Ihr &bdquo;Punkt&ldquo; sei au&szlig;erdem, dass &bdquo;Russland auf den Konflikt&ldquo; anders schaue als &bdquo;wir&ldquo; (wen auch immer sie damit meint). <a href=\"https:\/\/twitter.com\/FlorenceGaub\/status\/1514155605614907393\">&bdquo;Das ist ein Fakt&ldquo;<\/a>, tweetet sie. <\/p><p>Gaubs Aussagen ebnen dem Rassismus gegen die Russen weiter den Weg. Sie sind mit einem ganzen B&uuml;ndel rassistischer Konnotationen aufgeladen. Vor den Augen entsteht das Bild vom &bdquo;Bolschewiken&ldquo;, von den russischen &bdquo;Untermenschen&ldquo;, die mit ihrer barbarischen Einstellung zu Gewalt und &bdquo;Tod&ldquo; gerade zeigen, wozu sie f&auml;hig sind. Die Aussagen erwecken den Eindruck, &bdquo;die&ldquo; Russen w&uuml;rden den Tod ihrer gefallenen Soldaten v&ouml;llig schmerzbefreit hinnehmen. <\/p><p>Russische M&uuml;tter und V&auml;ter weinen selbstverst&auml;ndlich &bdquo;nicht&ldquo; um ihre gefallenen S&ouml;hne, oder wie, Frau Gaub? <a href=\"https:\/\/www.nachdenkseiten.de\/?p=81450\">Billy Joels Song Leningrad<\/a> ist wohl an Gaub vorbeigegangen. Schon die Popkultur verr&auml;t, dass die Russen im Krieg genauso leiden wie alle anderen Menschen auf dieser Welt auch, dass f&uuml;r sie der Tod auch schmerzlich ist. <\/p><p>Gaub hat sich mit diesen Aussagen als ernstzunehmende Wissenschaftlerin und &ouml;ffentliche Sprecherin disqualifiziert. In ihrer Position als stellvertretende Direktorin des Instituts der Europ&auml;ischen Union f&uuml;r Sicherheitsstudien in Paris ist sie nicht mehr tragbar; auch nicht als Lehrbeauftragte an der Universit&auml;t Potsdam. Dass Lanz den Aussagen Gaubs nicht widersprochen hat, ist unertr&auml;glich.**<\/p><p>* 14.04.2022 10:00 Uhr: An dieser Stelle war zun&auml;chst die Zahl 1,77 Prozent angegeben worden.<\/p><p>** In einer fr&uuml;heren Version wurde gesagt, auch die G&auml;ste h&auml;tten Gaub nicht widersprochen. Die SPD-Politikerin Klara Geywitz hatte aber Widerworte gefunden.<\/p><p>Titelbild: McCarony<\/p>\n","protected":false},"excerpt":{"rendered":"<p>Die Politikwissenschaftlerin Florence Gaub vertrat am Dienstagabend bei Markus Lanz vor einem Millionenpublikum die Auffassung, dass Russen zwar wie Europ&auml;er auss&auml;hen, sie aber eigentlich gar keine Europ&auml;er seien. &bdquo;Die&ldquo; Russen h&auml;tten au&szlig;erdem einen &bdquo;anderen Bezug&ldquo; zur Gewalt und dem Tod. Das Bild vom russischen &bdquo;Untermenschen&ldquo; kommt zum Vorschein, der zwar so aussieht wie wir, aber<\/p>\n<div class=\"readMore\"><a class=\"moretag\" href=\"https:\/\/www.nachdenkseiten.de\/?p=82944\">Weiterlesen<\/a><\/div>\n","protected":false},"author":13,"featured_media":82945,"comment_status":"closed","ping_status":"closed","sticky":false,"template":"","format":"standard","meta":{"spay_email":"","footnotes":""},"categories":[107,159,183],"tags":[1593,826,259],"class_list":["post-82944","post","type-post","status-publish","format-standard","has-post-thumbnail","hentry","category-audio-podcast","category-fremdenfeindlichkeit-rassismus","category-medienkritik","tag-lanz-markus","tag-rassismus","tag-russland"],"jetpack_featured_media_url":"https:\/\/www.nachdenkseiten.de\/wp-content\/uploads\/2022\/04\/shutterstock_217800913.jpg","_links":{"self":[{"href":"https:\/\/www.nachdenkseiten.de\/index.php?rest_route=\/wp\/v2\/posts\/82944","targetHints":{"allow":["GET"]}}],"collection":[{"href":"https:\/\/www.nachdenkseiten.de\/index.php?rest_route=\/wp\/v2\/posts"}],"about":[{"href":"https:\/\/www.nachdenkseiten.de\/index.php?rest_route=\/wp\/v2\/types\/post"}],"author":[{"embeddable":true,"href":"https:\/\/www.nachdenkseiten.de\/index.php?rest_route=\/wp\/v2\/users\/13"}],"replies":[{"embeddable":true,"href":"https:\/\/www.nachdenkseiten.de\/index.php?rest_route=%2Fwp%2Fv2%2Fcomments&post=82944"}],"version-history":[{"count":12,"href":"https:\/\/www.nachdenkseiten.de\/index.php?rest_route=\/wp\/v2\/posts\/82944\/revisions"}],"predecessor-version":[{"id":83079,"href":"https:\/\/www.nachdenkseiten.de\/index.php?rest_route=\/wp\/v2\/posts\/82944\/revisions\/83079"}],"wp:featuredmedia":[{"embeddable":true,"href":"https:\/\/www.nachdenkseiten.de\/index.php?rest_route=\/wp\/v2\/media\/82945"}],"wp:attachment":[{"href":"https:\/\/www.nachdenkseiten.de\/index.php?rest_route=%2Fwp%2Fv2%2Fmedia&parent=82944"}],"wp:term":[{"taxonomy":"category","embeddable":true,"href":"https:\/\/www.nachdenkseiten.de\/index.php?rest_route=%2Fwp%2Fv2%2Fcategories&post=82944"},{"taxonomy":"post_tag","embeddable":true,"href":"https:\/\/www.nachdenkseiten.de\/index.php?rest_route=%2Fwp%2Fv2%2Ftags&post=82944"}],"curies":[{"name":"wp","href":"https:\/\/api.w.org\/{rel}","templated":true}]}}