{"id":83564,"date":"2022-05-05T12:01:48","date_gmt":"2022-05-05T10:01:48","guid":{"rendered":"https:\/\/www.nachdenkseiten.de\/?p=83564"},"modified":"2022-05-06T11:43:44","modified_gmt":"2022-05-06T09:43:44","slug":"geschichten-verkuerzt-erzaehlen-das-ist-die-fuer-die-erzaehlungen-zum-ukrainekrieg-wohl-wichtigste-manipulationsmethode","status":"publish","type":"post","link":"https:\/\/www.nachdenkseiten.de\/?p=83564","title":{"rendered":"Geschichten verk\u00fcrzt erz\u00e4hlen. Das ist die f\u00fcr die Erz\u00e4hlungen zum Ukrainekrieg wohl wichtigste Manipulationsmethode"},"content":{"rendered":"<p>Sie wird perfekt eingesetzt. In allen Hauptmedien und von allen Politikern mit Einfluss wird so getan, als habe der Krieg in der Ukraine mit der Invasion Russlands am 24. Februar 2022 begonnen. Der Krieg wurde jedoch sp&auml;testens mit der Ausdehnung der NATO, mit dem Putsch vom Maidan, der systematischen Aufr&uuml;stung der Ukraine durch NATO und USA u.a.m. vorbereitet und dann ab 2014 mit dem unentwegten Beschuss der abtr&uuml;nnigen Provinzen im Osten der Ukraine fortgesetzt. Russland hat seine Invasion mit diesem milit&auml;rischen Terror begr&uuml;ndet. Die Mehrheit unseres Volkes hat dank der &uuml;blichen Vorgehensweise, die Geschichte verk&uuml;rzt zu erz&auml;hlen, keine Ahnung von der Grausamkeit der Milit&auml;raktionen gegen die Menschen im Osten der Ukraine. Jetzt gibt es ein Video von Wilhelm Domke-Schulz: &bdquo;Leben und Sterben im Donbass&ldquo;. <a href=\"https:\/\/www.youtube.com\/watch?v=jx2O4SZnNIU&amp;t=3804s\">Siehe hier<\/a>. <strong>Albrecht M&uuml;ller<\/strong>.<\/p><p><em>Dieser Beitrag ist auch als Audio-Podcast verf&uuml;gbar.<\/em><br>\n<!--more--><br>\n<\/p><div class=\"powerpress_player\" id=\"powerpress_player_7977\"><!--[if lt IE 9]><script>document.createElement('audio');<\/script><![endif]-->\n<audio class=\"wp-audio-shortcode\" id=\"audio-83564-1\" preload=\"none\" style=\"width: 100%;\" controls=\"controls\"><source type=\"audio\/mpeg\" src=\"https:\/\/www.nachdenkseiten.de\/upload\/podcast\/220506-Geschichten-verkuerzt-erzaehlen-im-Ukrainekrieg-wichtigste-Manipulationsmethode-NDS.mp3?_=1\"><\/source><a href=\"https:\/\/www.nachdenkseiten.de\/upload\/podcast\/220506-Geschichten-verkuerzt-erzaehlen-im-Ukrainekrieg-wichtigste-Manipulationsmethode-NDS.mp3\">https:\/\/www.nachdenkseiten.de\/upload\/podcast\/220506-Geschichten-verkuerzt-erzaehlen-im-Ukrainekrieg-wichtigste-Manipulationsmethode-NDS.mp3<\/a><\/audio><\/div><p class=\"powerpress_links powerpress_links_mp3\">Podcast: <a href=\"https:\/\/www.nachdenkseiten.de\/upload\/podcast\/220506-Geschichten-verkuerzt-erzaehlen-im-Ukrainekrieg-wichtigste-Manipulationsmethode-NDS.mp3\" class=\"powerpress_link_pinw\" target=\"_blank\" title=\"Play in new window\" onclick=\"return powerpress_pinw('https:\/\/www.nachdenkseiten.de\/?powerpress_pinw=83564-podcast');\" rel=\"nofollow\">Play in new window<\/a> | <a href=\"https:\/\/www.nachdenkseiten.de\/upload\/podcast\/220506-Geschichten-verkuerzt-erzaehlen-im-Ukrainekrieg-wichtigste-Manipulationsmethode-NDS.mp3\" class=\"powerpress_link_d\" title=\"Download\" rel=\"nofollow\" download=\"220506-Geschichten-verkuerzt-erzaehlen-im-Ukrainekrieg-wichtigste-Manipulationsmethode-NDS.mp3\">Download<\/a><\/p><div class=\"imagewrap\"><img decoding=\"async\" src=\"https:\/\/www.nachdenkseiten.de\/upload\/bilder\/220505-Methoden-01.png\" alt=\"\" title=\"\"><\/div><p>&bdquo;Der Film ist wegen der notwendigen Untertitel anstrengend und wegen der schockierenden Bilder schwer verdaulich. Wer bis zum Schluss durchh&auml;lt, wird nachdenklich.&ldquo; Das schreibt der NachDenkSeiten-Leser, der auf diesen Film aufmerksam gemacht hat. Er hat recht. Man wird nachdenklich, allerdings schon, ohne ganz bis zum Ende durchzuhalten.<\/p><p>Ich erg&auml;nze diesen Hinweis um drei weitere Dokumente und Vorg&auml;nge, die im Kontext des Krieges in der Ukraine notwendige Informationen bringen und zugleich nachdenklich stimmen.<\/p><p>Beim <strong>ersten weiteren Hinweis<\/strong> geht es in gewissem Sinne um die gleiche Manipulationsmethode. Die Geschichte wird verk&uuml;rzt erz&auml;hlt, indem in den meisten Auseinandersetzungen und Debatten um Waffenlieferungen und die Gr&auml;ueltaten in der Ukraine nicht erz&auml;hlt wird, wohin diese Auseinandersetzung f&uuml;hren wird, wenn wir nicht endlich zu einer Verst&auml;ndigung kommen<strong>: zur nuklearen Kriegsf&uuml;hrung.<\/strong> &ndash; Ein Leser hat uns auf einen alten Film aufmerksam gemacht und den Link dazu geschickt. Es geht um den Dokumentarfilm &bdquo;Atomic Cafe&ldquo; von 1982. Dieser ist jederzeit auf YouTube zu sehen unter dem Link: <a href=\"https:\/\/www.youtube.com\/watch?v=lF0r1OdDIME\">youtube.com\/watch?v=lF0r1OdDIME<\/a>. Auch wenn dieser Film eine Art Propagandafilm der US-Regierung darstellt, der den Menschen in den USA vermitteln sollte, dass die Atombombe keine Bedrohung f&uuml;r die Amerikaner darstellt, er zeigt uns, wie wir betroffen w&auml;ren: massiv und t&ouml;dlich.<\/p><p>Die Geschichte wird im Zusammenhang mit der gro&szlig;en, jetzt anberaumten Auseinandersetzung mit Russland auch insofern verk&uuml;rzt erz&auml;hlt, als die kriegerischen Verbrechen der USA &ndash; vom Abwurf der Atombomben auf Hiroshima und Nagasaki &uuml;ber die Zerst&ouml;rung des Irak bis hin zum Desaster in Afghanistan &ndash; in dieser Debatte keine Rolle mehr spielen. Das wird auch daran sichtbar, dass sich die Europ&auml;er einschlie&szlig;lich der deutschen Regierung noch beflissener als fr&uuml;her den US-Vorgaben und -Interessen unterordnen. Und die Basisvorstellung des Westens, wir seien die Guten, wird konsequent und penetrant weiterverbreitet.<\/p><p>&Uuml;brigens: Die Verbreitung und Nutzung des Grundgef&uuml;hls &bdquo;Wir sind die Guten&ldquo; ist eine hochwirksame Manipulationsmethode. Ich habe diese als Nummer 18 in die erweiterte Fassung von &bdquo;Glaube wenig. Hinterfrage alles. Denke selbst&ldquo; aufgenommen.<\/p><p><strong>Das zweite weitere Dokument, auf das ich hinweisen wollte, erschien gestern bei Lost in EUrope:<\/strong><\/p><blockquote><p>\n<a href=\"https:\/\/lostineu.eu\/das-oelembargo-ist-ein-strategischer-fehler\/\"><strong>Das &Ouml;lembargo ist ein strategischer Fehler<\/strong><\/a><br>\n4. Mai 2022<br>\nNach intensiven Konsultationen mit dem Wei&szlig;en Haus in Washington hat die Europ&auml;ische Kommission einen Vorschlag f&uuml;r ein &Ouml;lembargo gegen Russland vorgelegt. Es umzusetzen, w&auml;re ein gro&szlig;er strategischer Fehler &hellip;<\/p>\n<p>Dennoch soll der Ausstieg aus dem russischen &Ouml;l (und sp&auml;ter auch aus dem Gas) definitiv und irreversibel sein.<br>\nDie EU schneidet sich damit dauerhaft von g&uuml;nstigen Energiequellen in Europa ab, die f&uuml;r die &ldquo;Transition&rdquo; dringend ben&ouml;tigt werden.<br>\nIn Br&uuml;ssel sind wirklich tolle &ldquo;Strategen&rdquo; am Werk. In Berlin &uuml;brigens auch: Wirtschaftsminister Habeck geh&ouml;rte (gemeinsam mit seiner gr&uuml;nen Parteifreundin Baerbock) zu den &ldquo;Antreibern&rdquo; beim &Ouml;lembargo.\n<\/p><\/blockquote><p>Dazu passt ein Dokument, <strong>der Brief eines Sozialdemokraten aus Schleswig-Holstein an den sozialdemokratischen Bundeskanzler:<\/strong><\/p><p>Sehr geehrter Herr Bundeskanzler Scholz,<\/p><p>unsere kleine und hervorragende B&auml;ckereikette Bahnsen mit f&uuml;nf Filialen im Kreis Schleswig-Flensburg schlie&szlig;t Dank Ihrer wirklichkeitsfremden Politik Ende Mai 2022! Der B&auml;ckermeister kann die hohen Energiekosten betriebswirtschaftlich nicht mehr realisieren.<\/p><p>Ihr naiver, wirtschaftspolitisch ahnungsloser und nur gut schnackender Wirtschaftsminister Habeck hat vor einer halben Stunde seine Pl&auml;ne f&uuml;r die LNG &ndash; Terminals verk&uuml;ndet. Er will uns &uuml;berzeugen, dass seine Pl&auml;ne mit den europ&auml;ischen Partnern abgestimmt sind und f&uuml;r uns alles gut wird. Er vermeidet darzustellen, was uns, den B&uuml;rgern, der Wirtschaft und dem Staat, seine unsinnigen Pl&auml;ne konkret kosten werden. Ihr sog. &ldquo;Wirtschaftsminister&rdquo; hat schon in Schleswig-Holstein als Minister versagt. Er hatte so wenig Durchsetzungskraft in der realen Politik, dass sogar wertvolle Bauminseln vor seinen Augen rechtswidrig abges&auml;gt werden konnten<\/p><p>Ich und eine Gruppe von Sozialdemokraten haben Gestern der Umwelthilfe zugesichert, sie bei Ihrer Klage gegen die LNG-Terminals gegen die Bundesregierung zu unterst&uuml;tzen!<\/p><p>Bei meinen Nachbarn und bei uns sind jetzt die ersten konkreten &Ouml;lrechnungen angekommen. Sie sind durchschnittlich <strong>doppelt so teuer wie im letzten Jahr! Teilen Sie uns bitte Ihr Abbuchungskonto mit!<\/strong><\/p><p>Der Stromlieferant will uns noch im Mai mit Neuberechnungen der Abschlagszahlungen begl&uuml;cken! Es wird &uuml;ber <strong>50%ige Erh&ouml;hungen<\/strong> gesprochen!  <\/p><p>Retten Sie Ihren Kopf zusammen mit Deutschland und Europa und bieten Sie den Russen die vor dem Kriegsbeginn geforderten Sicherheiten und zeigen Sie Mut gegen&uuml;ber Amerika! Sie brauchen keine Angst vor den Amerikanern zu haben, mutige Deutsche werden Ihnen zur Seite stehen. Es geht um unsere Interessen! Und es geht um viele Menschenleben!<\/p><p>Mit freundlichen Gr&uuml;&szlig;en<\/p><p>Manfred Lurz<\/p><p><strong>Das dritte weitere Dokument, <\/strong>auf das ich hinweisen m&ouml;chte, stammt aus der Nachbarschaft:<\/p><p><strong>Das FFE, das Forum Friedensethik<\/strong> in der badischen Evangelischen Landeskirche hat <strong>ein ausgesprochen differenziertes Dokument zum gegenw&auml;rtigen Krieg in der Ukraine erarbeitet und ver&ouml;ffentlicht<\/strong>. <a href=\"https:\/\/www.nachdenkseiten.de\/upload\/pdf\/220505-FFE-Erklaerung-zum-gegenwaertigen-Krieg-in-der-Ukraine-von-der-MV-verabschiedet-am-24-Maerz-2022_final.pdf\">Hier der Link, sehr lesenswert<\/a>.<\/p>\n","protected":false},"excerpt":{"rendered":"<p>Sie wird perfekt eingesetzt. In allen Hauptmedien und von allen Politikern mit Einfluss wird so getan, als habe der Krieg in der Ukraine mit der Invasion Russlands am 24. Februar 2022 begonnen. Der Krieg wurde jedoch sp&auml;testens mit der Ausdehnung der NATO, mit dem Putsch vom Maidan, der systematischen Aufr&uuml;stung der Ukraine durch NATO und<\/p>\n<div class=\"readMore\"><a class=\"moretag\" href=\"https:\/\/www.nachdenkseiten.de\/?p=83564\">Weiterlesen<\/a><\/div>\n","protected":false},"author":2,"featured_media":83565,"comment_status":"closed","ping_status":"closed","sticky":false,"template":"","format":"standard","meta":{"spay_email":"","footnotes":""},"categories":[169,107,171,11],"tags":[1519,1206,3004,2637,3205,2102,466,1367,259,260,1556,2376,1019],"class_list":["post-83564","post","type-post","status-publish","format-standard","has-post-thumbnail","hentry","category-aussen-und-sicherheitspolitik","category-audio-podcast","category-militaereinsaetzekriege","category-strategien-der-meinungsmache","tag-atomwaffen","tag-brzezinski-zbigniew","tag-donbass","tag-embargo","tag-energiepreise","tag-geostrategie","tag-nato","tag-ruestungsausgaben","tag-russland","tag-ukraine","tag-usa","tag-waffenstillstandsabkommen","tag-wirtschaftssanktionen"],"jetpack_featured_media_url":"https:\/\/www.nachdenkseiten.de\/wp-content\/uploads\/2022\/05\/220505-Methoden.png","_links":{"self":[{"href":"https:\/\/www.nachdenkseiten.de\/index.php?rest_route=\/wp\/v2\/posts\/83564","targetHints":{"allow":["GET"]}}],"collection":[{"href":"https:\/\/www.nachdenkseiten.de\/index.php?rest_route=\/wp\/v2\/posts"}],"about":[{"href":"https:\/\/www.nachdenkseiten.de\/index.php?rest_route=\/wp\/v2\/types\/post"}],"author":[{"embeddable":true,"href":"https:\/\/www.nachdenkseiten.de\/index.php?rest_route=\/wp\/v2\/users\/2"}],"replies":[{"embeddable":true,"href":"https:\/\/www.nachdenkseiten.de\/index.php?rest_route=%2Fwp%2Fv2%2Fcomments&post=83564"}],"version-history":[{"count":5,"href":"https:\/\/www.nachdenkseiten.de\/index.php?rest_route=\/wp\/v2\/posts\/83564\/revisions"}],"predecessor-version":[{"id":83594,"href":"https:\/\/www.nachdenkseiten.de\/index.php?rest_route=\/wp\/v2\/posts\/83564\/revisions\/83594"}],"wp:featuredmedia":[{"embeddable":true,"href":"https:\/\/www.nachdenkseiten.de\/index.php?rest_route=\/wp\/v2\/media\/83565"}],"wp:attachment":[{"href":"https:\/\/www.nachdenkseiten.de\/index.php?rest_route=%2Fwp%2Fv2%2Fmedia&parent=83564"}],"wp:term":[{"taxonomy":"category","embeddable":true,"href":"https:\/\/www.nachdenkseiten.de\/index.php?rest_route=%2Fwp%2Fv2%2Fcategories&post=83564"},{"taxonomy":"post_tag","embeddable":true,"href":"https:\/\/www.nachdenkseiten.de\/index.php?rest_route=%2Fwp%2Fv2%2Ftags&post=83564"}],"curies":[{"name":"wp","href":"https:\/\/api.w.org\/{rel}","templated":true}]}}