{"id":85431,"date":"2022-07-02T14:00:05","date_gmt":"2022-07-02T12:00:05","guid":{"rendered":"https:\/\/www.nachdenkseiten.de\/?p=85431"},"modified":"2022-07-01T12:30:18","modified_gmt":"2022-07-01T10:30:18","slug":"leserbriefe-zu-daenemark-geniesst-den-sommer-und-deutschland-plant-bereits-die-naechsten-coronamassnahmen","status":"publish","type":"post","link":"https:\/\/www.nachdenkseiten.de\/?p=85431","title":{"rendered":"Leserbriefe zu \u201eD\u00e4nemark genie\u00dft den Sommer und Deutschland plant bereits die n\u00e4chsten Coronama\u00dfnahmen\u201c"},"content":{"rendered":"<p><a href=\"https:\/\/www.nachdenkseiten.de\/?p=85233\">In diesem Beitrag<\/a> vergleicht Jens Berger die Corona-Vorgehensweisen in D&auml;nemark und Deutschland. W&auml;hrend die d&auml;nische Regierung vom Feiern, Umarmen und K&uuml;ssen rede, ihr Impfangebot lediglich an &uuml;ber 50-J&auml;hrige und Vorerkrankte erneuert und Ma&szlig;nahmen wie Lockdowns oder eine Maskenpflicht f&uuml;r den n&auml;chsten Herbst und Winter ausgeschlossen habe, zeige man sich in Deutschland &bdquo;lernresistent&ldquo;. Die Rede sei von neuen Ma&szlig;nahmen wie der Maskenpflicht. &bdquo;Noch nicht absehbar&ldquo; sei, ob &bdquo;die G-Regeln zum Ausschluss Ungeimpfter wiederkehren&ldquo;. Das &bdquo;h&ouml;chste Bestreben der Corona-Strategie&ldquo; scheine es zu sein, &bdquo;die Menschen zur Impfung zu treiben&ldquo;. Auch sei &bdquo;das Vertrauen in die alarmistischen Medien&ldquo; offenbar &bdquo;immer noch gro&szlig;&ldquo;. Abschlie&szlig;end wird festgestellt: &bdquo;Wer Angst s&auml;t, wird sie auch bekommen. Da haben es die D&auml;nen besser.&ldquo; Wir danken f&uuml;r die interessanten Leserbriefe. Es folgt eine Auswahl. Zusammengestellt von <strong>Christian Reimann<\/strong>.<br>\n<!--more--><\/p><div class=\"hr_wrap\">\n<hr>\n<\/div><p><strong>1. Leserbrief<\/strong><\/p><p>Sehr geehrter Herr Berger, <\/p><p>wie immer ein sehr treffender Artikel. W&auml;hrend in anderen L&auml;ndern das Team Lebensfreude siegt, hat in Deutschland noch immer das Team Vorsicht das Sagen. Nicht nur in der Politik, sondern auch in Betrieben und in Bildungseinrichtungen, wo Masken und Abstand per Hausrecht immer noch eingefordert werden und von vielen Leuten auch ohne Hinterfragen befolgt werden. Ich mache im Moment eine Umschulung an einem BFW (Berufsf&ouml;rderungswerk) und wir haben jetzt Post bekommen, dass ab dem 27.06. wieder Maskenpflicht und Abstandsregel gelten wegen der &ldquo;Sommerwelle&rdquo;. Nachfolgend der Text der Mail des BFW (die Ortsangaben habe ich entfernt): <\/p><blockquote><p>\n&ldquo;Sehr geehrte Teilnehmende des BFW &hellip;, <\/p>\n<p>auf Grund der aktuell hohen Zahl von coronainfizierten Menschen, auch gerade in der Region &hellip;, wird im BFW &hellip; ab Montag, 27. Juni, wieder die Maskenpflicht (medizinische Masken) eingef&uuml;hrt. Dies geschieht auch gem&auml;&szlig; der derzeit g&uuml;ltigen Coronaschutzverordnung, wonach die Einrichtungen bei entsprechendem Infektionsgeschehen in Eigenverantwortung und im Rahmen des Hausrechts zus&auml;tzliche Hygienema&szlig;nahmen f&uuml;r ihr Haus festlegen sollen. <\/p>\n<p>Die Maskenpflicht gilt f&uuml;r alle Innenr&auml;ume des BFW.<br>\nIm BFW-Restaurant gilt die Maskenpflicht w&auml;hrend der Essensausgabe. Im Speisesaal soll ersatzweise die Personenverdichtung soweit m&ouml;glich durch Abst&auml;nde an den Tischen und Schichtbetrieb f&uuml;r die Essenszeiten eingeschr&auml;nkt werden.&rdquo;\n<\/p><\/blockquote><p>Mit freundlichen Gr&uuml;&szlig;en<br>\nJochen Dietermann <\/p><div class=\"hr_wrap\">\n<hr>\n<\/div><p><strong>2. Leserbrief<\/strong><\/p><p>Hallo Herr Berger,<\/p><p>viele Gr&uuml;&szlig;e von der holl&auml;ndischen Nordseek&uuml;ste an Sie und das Redaktions-Team.<\/p><p>In den bisherigen 10 Tagen haben meine Frau und ich uns einen Spa&szlig; daraus gemacht, die Maskentr&auml;ger in den Superm&auml;rkten zu identifizieren, in dem wir uns an diese unverf&auml;nglich heranpirschten und hofften ein Wort aufzuschnappen, wenn es denn um Paare ging.<\/p><p>Die Einzelg&auml;nger habe ich direkt angesprochen und somit k&ouml;nnen wir festhalten, dass von lediglich sieben Gestalten alle Deutsche waren.<\/p><p>Nun aber etwas ernsthafter:<\/p><p>Herr Berger, Sie wollen sich doch nicht wirklich vorstellen, wie uns Angela Merkel, m&ouml;glicherweise mit laszivem Gesichtsausdruck, uns zu gehaucht h&auml;tte:&nbsp;&nbsp;<\/p><blockquote><p>\n&ldquo;Feiert, umarmt und k&uuml;sst ohne Bedenken&rdquo;\n<\/p><\/blockquote><p>Oder Karlchen Lauterbach, aufgrund der Wichtigkeit der Botschaft mal wieder mit Fliege verziert:<\/p><p>Da sind ma dabei, also lasst de Sau raus, weil et ja k&uuml;tt wie et k&uuml;tt&hellip;.&nbsp;<\/p><p>N&ouml;, lassen Sie mal gut sein, lieber Herr Berger!<\/p><p>Schweden in die NATO !<\/p><p>Diesen Umstand finde ich bemerkenswerter, als das Ges&auml;usel der d&auml;nischen Regierungschefin.<br>\nAuch weil Schweden als eines der am meisten durchgetakteten L&auml;nder in Bezug auf elektronische Zahlungen sich den &rdquo; Schwedischen Weg &rdquo; bei der &rdquo; Bek&auml;mpfung &rdquo; des Corona-Virus erlauben durfte.<\/p><p>Da k&ouml;nnte sich nun ein Kreis schlie&szlig;en.<\/p><p>Es wird schon alles seine Gr&uuml;nde haben&hellip;, lieber Herr Berger!<\/p><p>Eine &rdquo; depressive Debatte &rdquo; !<\/p><p>BINGO!<\/p><p>Michael Krater.<\/p><div class=\"hr_wrap\">\n<hr>\n<\/div><p><strong>3. Leserbrief<\/strong><\/p><p>Sehr geehrte Herr Berger,<br>\n&nbsp;<br>\ndie deutsche Virusvariante, ANTIGG, scheint besonders gef&auml;hrlich zu sein, von den deutschen Varianten scheint die Hamburger Variante sogar noch gef&auml;hrlicher zu sein. Allerdings wirkt die Variante bei den meisten Politikern weniger auf die Atemwege, vielmehr verst&auml;rkt sie die Antidemokratischen und Antimenschlichen Tendenzen, die anscheinend sowieso in vielen Menschen schlummern.<\/p><p>Die ganzen illegalen &ldquo;Ma&szlig;nahmen&rdquo; werden weiterhin ohne Beweise begr&uuml;ndet durch eine illegale Ministerpr&auml;sidentenkonferenz.<br>\n&nbsp;<br>\nMit freundlichen Gr&uuml;&szlig;en<br>\nA.H.<\/p><div class=\"hr_wrap\">\n<hr>\n<\/div><p><strong>Anmerkung zur Korrespondenz mit den NachDenkSeiten<\/strong><\/p><p>Die NachDenkSeiten freuen sich &uuml;ber Ihre Zuschriften, am besten in einer angemessenen L&auml;nge und mit einem eindeutigen Betreff.<\/p><p>Es gibt die folgenden E-Mail-Adressen:<\/p><ul>\n<li><a href=\"mailto:leserbriefe@nachdenkseiten.de\">leserbriefe(at)nachdenkseiten.de<\/a> f&uuml;r Kommentare zum Inhalt von Beitr&auml;gen.<\/li>\n<li><a href=\"mailto:hinweise@nachdenkseiten.de\">hinweise(at)nachdenkseiten.de<\/a> wenn Sie Links zu Beitr&auml;gen in anderen Medien haben.<\/li>\n<li><a href=\"mailto:videohinweise@nachdenkseiten.de\">videohinweise(at)nachdenkseiten.de<\/a> f&uuml;r die Verlinkung von interessanten Videos.<\/li>\n<li><a href=\"mailto:redaktion@nachdenkseiten.de\">redaktion(at)nachdenkseiten.de<\/a> f&uuml;r Organisatorisches und Fragen an die Redaktion.<\/li>\n<\/ul><p>Weitere Details zu diesem Thema finden Sie in unserer &bdquo;<a href=\"https:\/\/www.nachdenkseiten.de\/?page_id=47939\">Gebrauchsanleitung<\/a>&ldquo;.<\/p><p><img loading=\"lazy\" decoding=\"async\" src=\"http:\/\/vg06.met.vgwort.de\/na\/6c1257b8acb94732908189ae80000ac4\" width=\"1\" height=\"1\" alt=\"\"><\/p>\n","protected":false},"excerpt":{"rendered":"<p><a href=\"https:\/\/www.nachdenkseiten.de\/?p=85233\">In diesem Beitrag<\/a> vergleicht Jens Berger die Corona-Vorgehensweisen in D&auml;nemark und Deutschland. W&auml;hrend die d&auml;nische Regierung vom Feiern, Umarmen und K&uuml;ssen rede, ihr Impfangebot lediglich an &uuml;ber 50-J&auml;hrige und Vorerkrankte erneuert und Ma&szlig;nahmen wie Lockdowns oder eine Maskenpflicht f&uuml;r den n&auml;chsten Herbst und Winter ausgeschlossen habe, zeige man sich in Deutschland &bdquo;lernresistent&ldquo;. Die Rede<\/p>\n<div class=\"readMore\"><a class=\"moretag\" href=\"https:\/\/www.nachdenkseiten.de\/?p=85431\">Weiterlesen<\/a><\/div>\n","protected":false},"author":11,"featured_media":0,"comment_status":"closed","ping_status":"closed","sticky":false,"template":"","format":"standard","meta":{"spay_email":"","footnotes":""},"categories":[103],"tags":[],"class_list":["post-85431","post","type-post","status-publish","format-standard","hentry","category-leserbriefe"],"jetpack_featured_media_url":"","_links":{"self":[{"href":"https:\/\/www.nachdenkseiten.de\/index.php?rest_route=\/wp\/v2\/posts\/85431","targetHints":{"allow":["GET"]}}],"collection":[{"href":"https:\/\/www.nachdenkseiten.de\/index.php?rest_route=\/wp\/v2\/posts"}],"about":[{"href":"https:\/\/www.nachdenkseiten.de\/index.php?rest_route=\/wp\/v2\/types\/post"}],"author":[{"embeddable":true,"href":"https:\/\/www.nachdenkseiten.de\/index.php?rest_route=\/wp\/v2\/users\/11"}],"replies":[{"embeddable":true,"href":"https:\/\/www.nachdenkseiten.de\/index.php?rest_route=%2Fwp%2Fv2%2Fcomments&post=85431"}],"version-history":[{"count":3,"href":"https:\/\/www.nachdenkseiten.de\/index.php?rest_route=\/wp\/v2\/posts\/85431\/revisions"}],"predecessor-version":[{"id":85434,"href":"https:\/\/www.nachdenkseiten.de\/index.php?rest_route=\/wp\/v2\/posts\/85431\/revisions\/85434"}],"wp:attachment":[{"href":"https:\/\/www.nachdenkseiten.de\/index.php?rest_route=%2Fwp%2Fv2%2Fmedia&parent=85431"}],"wp:term":[{"taxonomy":"category","embeddable":true,"href":"https:\/\/www.nachdenkseiten.de\/index.php?rest_route=%2Fwp%2Fv2%2Fcategories&post=85431"},{"taxonomy":"post_tag","embeddable":true,"href":"https:\/\/www.nachdenkseiten.de\/index.php?rest_route=%2Fwp%2Fv2%2Ftags&post=85431"}],"curies":[{"name":"wp","href":"https:\/\/api.w.org\/{rel}","templated":true}]}}