{"id":88058,"date":"2022-09-14T14:42:50","date_gmt":"2022-09-14T12:42:50","guid":{"rendered":"https:\/\/www.nachdenkseiten.de\/?p=88058"},"modified":"2022-10-17T13:46:22","modified_gmt":"2022-10-17T11:46:22","slug":"gespraech-mit-professor-i-r-michael-hartmann-ueber-verteilung-von-einkommen-und-vermoegen","status":"publish","type":"post","link":"https:\/\/www.nachdenkseiten.de\/?p=88058","title":{"rendered":"Gespr\u00e4ch mit Professor i.R. Michael Hartmann \u00fcber Verteilung von Einkommen und Verm\u00f6gen"},"content":{"rendered":"<p>Dies ist der erste Teil eines Gespr&auml;chs zwischen dem Eliteforscher Professor <strong>Michael Hartmann<\/strong> und <strong>Albrecht M&uuml;ller<\/strong>, dem Herausgeber der NachDenkSeiten. Der 2. Teil folgt am 16. September, der 3. Teil am Montag, den 19. September. Dazwischen ver&ouml;ffentlichen wir am 18. September einen einschl&auml;gigen Text von Professor Hartmann zur Erbschaftssteuer in Familienunternehmen. <\/p><p><em>Dieser Beitrag ist auch als Audio-Podcast verf&uuml;gbar.<\/em><br>\n<!--more--><br>\n<\/p><div class=\"powerpress_player\" id=\"powerpress_player_5583\"><!--[if lt IE 9]><script>document.createElement('audio');<\/script><![endif]-->\n<audio class=\"wp-audio-shortcode\" id=\"audio-88058-1\" preload=\"none\" style=\"width: 100%;\" controls=\"controls\"><source type=\"audio\/mpeg\" src=\"https:\/\/www.nachdenkseiten.de\/upload\/podcast\/220913-Hartmann-Gespraech-Teil1von3-NDS-Audio.mp3?_=1\"><\/source><a href=\"https:\/\/www.nachdenkseiten.de\/upload\/podcast\/220913-Hartmann-Gespraech-Teil1von3-NDS-Audio.mp3\">https:\/\/www.nachdenkseiten.de\/upload\/podcast\/220913-Hartmann-Gespraech-Teil1von3-NDS-Audio.mp3<\/a><\/audio><\/div><p class=\"powerpress_links powerpress_links_mp3\">Podcast: <a href=\"https:\/\/www.nachdenkseiten.de\/upload\/podcast\/220913-Hartmann-Gespraech-Teil1von3-NDS-Audio.mp3\" class=\"powerpress_link_pinw\" target=\"_blank\" title=\"Play in new window\" onclick=\"return powerpress_pinw('https:\/\/www.nachdenkseiten.de\/?powerpress_pinw=88058-podcast');\" rel=\"nofollow\">Play in new window<\/a> | <a href=\"https:\/\/www.nachdenkseiten.de\/upload\/podcast\/220913-Hartmann-Gespraech-Teil1von3-NDS-Audio.mp3\" class=\"powerpress_link_d\" title=\"Download\" rel=\"nofollow\" download=\"220913-Hartmann-Gespraech-Teil1von3-NDS-Audio.mp3\">Download<\/a><\/p><p>Stichworte zum Inhalt des 1. Teils: <\/p><p>Die Einkommensverteilung ist auch im Vergleich zu unseren Nachbarl&auml;ndern ausgesprochen ungerecht. Der sogenannte Gini-Index bildet diesen Zustand und seine Ver&auml;nderung nur ungen&uuml;gend ab. Die Verteilung der Einkommen hat sich &ndash; genauer gesagt &ndash; sie wurde in den letzten Jahrzehnten deutlich verschlechtert. 1999, mit dem Abgang von Lafontaine als Bundesfinanzminister und der neoliberalen Wende der sozialliberalen Koalition sei ein Signal an die Kapitalseite ausgesendet worden: die Regierung ist jetzt bei euch. Es folgten zwei Jahrzehnte weiterer Verschlechterung: das obere Zehntel der Nettoeinkommen stieg &uuml;ber 25 Prozent, das untere Zehntel hat fast 5 Prozent verloren. Zum Skandal ein praktisches Beispiel: Zwei Gro&szlig;aktion&auml;re von BMW beziehen 2022 eine Dividende von &uuml;ber 1,6 Milliarden &euro;*. Gemessen daran erscheint sogar das hohe Gehalt des Vorstandschefs von BMW von knapp 9 Millionen &euro; als gering. Eine wahrlich absurde Einkommensverteilung, das werden viele, die das Video mit Michael Hartmann verfolgen und ihre eigene Wirklichkeit pr&uuml;fen, so empfinden.<\/p><p>Die Einkommensverteilung ist hierzulande kein &ouml;ffentliches Thema. Das liege daran, dass auch die Printmedien einen hohen Konzentrationsprozess hinter sich haben und heute nahezu alle in den H&auml;nden von sehr reichen Menschen sind. Hinzu kommt, so Michael Hartmann, dass die Welt der Reichen auch den Journalisten verschlossen bleibt. In der j&uuml;ngeren Generation der Journalisten spiele zudem das Thema Verteilung eine noch geringere Rolle als bei fr&uuml;heren Journalisten. <\/p><p>Es ist faszinierend, wieviel einschl&auml;gige Fakten Michael Hartmann pr&auml;sent hat. Diese sind wichtig f&uuml;r die eigene Meinungsbildung. Machen Sie bitte Ihre Freunde und Bekannten auf das Gespr&auml;ch mit ihm aufmerksam.<\/p><p><div class=\"external-2click\" data-provider=\"Youtube\" data-provider-slug=\"youtube\"><div class=\"external-placeholder\"><p><strong>Externer Inhalt<\/strong><\/p><p>Beim Laden des Videos werden Daten an Youtube &uuml;bertragen.<\/p><button type=\"button\" class=\"external-load\">Inhalt von Youtube zulassen<\/button><\/div><div class=\"external-content\"><iframe loading=\"lazy\" width=\"560\" height=\"315\" src=\"\" frameborder=\"0\" allowfullscreen class=\"external-2click-target \" data-src=\"https:\/\/www.youtube-nocookie.com\/embed\/vc4_voTxdUo\"><\/iframe><\/div><div class=\"external-optout\"><a href=\"#\" data-revoke=\"youtube\">Inhalte von Youtube nicht mehr zulassen<\/a><\/div><\/div><\/p><p><em>Der zweite Teil des Gespr&auml;chs ist <a href=\"https:\/\/www.nachdenkseiten.de\/?p=88135\">hier<\/a>, der dritte Teil ist <a href=\"https:\/\/www.nachdenkseiten.de\/?p=88247\">hier<\/a> zu finden.<\/em><\/p><p><em>* Diese Zahl haben wir korrigiert am 17.10.2022. Korrektur-Anmerkung von Michael Hartmann: Leider ist mir im Interview ein Fehler unterlaufen. Bei der Dividende f&uuml;r die Quandt-Erben habe ich die Summe falsch berechnet, weil ich die Dividende von 2018 in H&ouml;he von 1,1 Mrd., die der Berechnung f&uuml;r 2022 zugrunde lag, einer der beiden Personen zugeordnet habe, statt beiden zusammen. Dadurch kam dann die Zahl von fast 3,5 Mrd. zustande. Korrekt muss es aber &uuml;ber 1,6 Mrd. lauten.<\/em><\/p>\n","protected":false},"excerpt":{"rendered":"<p>Dies ist der erste Teil eines Gespr&auml;chs zwischen dem Eliteforscher Professor <strong>Michael Hartmann<\/strong> und <strong>Albrecht M&uuml;ller<\/strong>, dem Herausgeber der NachDenkSeiten. Der 2. Teil folgt am 16. September, der 3. Teil am Montag, den 19. September. Dazwischen ver&ouml;ffentlichen wir am 18. September einen einschl&auml;gigen Text von Professor Hartmann zur Erbschaftssteuer in Familienunternehmen. <\/p>\n<p><em>Dieser Beitrag ist auch<\/em><\/p>\n<div class=\"readMore\"><a class=\"moretag\" href=\"https:\/\/www.nachdenkseiten.de\/?p=88058\">Weiterlesen<\/a><\/div>\n","protected":false},"author":11,"featured_media":88059,"comment_status":"closed","ping_status":"closed","sticky":false,"template":"","format":"standard","meta":{"spay_email":"","footnotes":""},"categories":[107,209,182,132,133],"tags":[1786,1919,343,2931,687,291],"class_list":["post-88058","post","type-post","status-publish","format-standard","has-post-thumbnail","hentry","category-audio-podcast","category-interviews","category-medienkonzentration-vermachtung-der-medien","category-ungleichheit-armut-reichtum","category-wichtige-wirtschaftsdaten","tag-hartmann-michael","tag-lueckenpresse","tag-luegen-mit-zahlen","tag-reichtum","tag-ungleichheit","tag-verteilungsgerechtigkeit"],"jetpack_featured_media_url":"https:\/\/www.nachdenkseiten.de\/wp-content\/uploads\/2022\/09\/2022-09-13-Hartmann-Gespraech-Teil1-Cover-ohneText.jpg","_links":{"self":[{"href":"https:\/\/www.nachdenkseiten.de\/index.php?rest_route=\/wp\/v2\/posts\/88058","targetHints":{"allow":["GET"]}}],"collection":[{"href":"https:\/\/www.nachdenkseiten.de\/index.php?rest_route=\/wp\/v2\/posts"}],"about":[{"href":"https:\/\/www.nachdenkseiten.de\/index.php?rest_route=\/wp\/v2\/types\/post"}],"author":[{"embeddable":true,"href":"https:\/\/www.nachdenkseiten.de\/index.php?rest_route=\/wp\/v2\/users\/11"}],"replies":[{"embeddable":true,"href":"https:\/\/www.nachdenkseiten.de\/index.php?rest_route=%2Fwp%2Fv2%2Fcomments&post=88058"}],"version-history":[{"count":6,"href":"https:\/\/www.nachdenkseiten.de\/index.php?rest_route=\/wp\/v2\/posts\/88058\/revisions"}],"predecessor-version":[{"id":89311,"href":"https:\/\/www.nachdenkseiten.de\/index.php?rest_route=\/wp\/v2\/posts\/88058\/revisions\/89311"}],"wp:featuredmedia":[{"embeddable":true,"href":"https:\/\/www.nachdenkseiten.de\/index.php?rest_route=\/wp\/v2\/media\/88059"}],"wp:attachment":[{"href":"https:\/\/www.nachdenkseiten.de\/index.php?rest_route=%2Fwp%2Fv2%2Fmedia&parent=88058"}],"wp:term":[{"taxonomy":"category","embeddable":true,"href":"https:\/\/www.nachdenkseiten.de\/index.php?rest_route=%2Fwp%2Fv2%2Fcategories&post=88058"},{"taxonomy":"post_tag","embeddable":true,"href":"https:\/\/www.nachdenkseiten.de\/index.php?rest_route=%2Fwp%2Fv2%2Ftags&post=88058"}],"curies":[{"name":"wp","href":"https:\/\/api.w.org\/{rel}","templated":true}]}}