{"id":90352,"date":"2022-11-14T16:10:56","date_gmt":"2022-11-14T15:10:56","guid":{"rendered":"https:\/\/www.nachdenkseiten.de\/?p=90352"},"modified":"2022-11-14T16:44:39","modified_gmt":"2022-11-14T15:44:39","slug":"wir-begruessen-werner-ruegemer-in-der-suedpfalz","status":"publish","type":"post","link":"https:\/\/www.nachdenkseiten.de\/?p=90352","title":{"rendered":"Wir begr\u00fc\u00dfen Werner R\u00fcgemer in der S\u00fcdpfalz"},"content":{"rendered":"<p>Ausnahmsweise machen wir hiermit eine Veranstaltungs-Ank&uuml;ndigung:<strong> Am Freitag, den 18.11.2022, um 19 Uhr <\/strong>findet in Burrweiler bei Landau, im Ludwigsstift, Am Pfarrgarten 4, eine Vortrags-, Informations- und Diskussionsveranstaltung mit Dr. <strong>Werner R&uuml;gemer<\/strong> statt.<br>\n<strong>Thema:<\/strong><br>\nDer Ukraine-Konflikt und die Folgen f&uuml;r Europa.<br>\n<!--more--><br>\nWerner R&uuml;gemer wird die Interessenlage der US-Akteure analysieren  und die dramatischen Folgen des Versagens der deutschen und der europ&auml;ischen Politik darstellen.<\/p><p>Werner R&uuml;gemer hat &uuml;ber philosophische Anthropologie und Epochenkrise promoviert und definiert sich selbst als interventionistischer Philosoph. Er ist als Publizist und Referent bekannt. Ver&ouml;ffentlichung u.a.:  &bdquo;Die Kapitalisten des 21. Jahrhunderts&ldquo;, in der er die Rolle von Blackrock beleuchtet.<\/p><p>Hinweis: Parken an der Weinstra&szlig;e, wenige Meter zu gehen. <\/p><p>Teilnehmer bitte Teilnahme avisieren an  <a href=\"mailto:juergen.schmitt45@gmx.de\">juergen.schmitt45(at)gmx.de<\/a><\/p><p><strong>&Uuml;brigens:<\/strong> Veranstalter ist der NachDenkSeiten-Gespr&auml;chskreis Landau Frankweiler. Bei dieser Gelegenheit gleich der Hinweis, das die NachDenkSeiten demn&auml;chst die Termine von Gespr&auml;chskreisen ank&uuml;ndigen.<\/p>\n","protected":false},"excerpt":{"rendered":"<p>Ausnahmsweise machen wir hiermit eine Veranstaltungs-Ank&uuml;ndigung:<strong> Am Freitag, den 18.11.2022, um 19 Uhr <\/strong>findet in Burrweiler bei Landau, im Ludwigsstift, Am Pfarrgarten 4, eine Vortrags-, Informations- und Diskussionsveranstaltung mit Dr. <strong>Werner R&uuml;gemer<\/strong> statt.<br \/> <strong>Thema:<\/strong><br \/> Der Ukraine-Konflikt und die Folgen f&uuml;r Europa.<\/p>\n","protected":false},"author":11,"featured_media":90355,"comment_status":"closed","ping_status":"closed","sticky":false,"template":"","format":"standard","meta":{"spay_email":"","footnotes":""},"categories":[171,211],"tags":[378,604],"class_list":["post-90352","post","type-post","status-publish","format-standard","has-post-thumbnail","hentry","category-militaereinsaetzekriege","category-veranstaltungshinweiseveranstaltungen","tag-nds-gespraechskreis","tag-ruegemer-werner"],"jetpack_featured_media_url":"https:\/\/www.nachdenkseiten.de\/wp-content\/uploads\/2022\/11\/221114-Suedpfalz.jpg","_links":{"self":[{"href":"https:\/\/www.nachdenkseiten.de\/index.php?rest_route=\/wp\/v2\/posts\/90352","targetHints":{"allow":["GET"]}}],"collection":[{"href":"https:\/\/www.nachdenkseiten.de\/index.php?rest_route=\/wp\/v2\/posts"}],"about":[{"href":"https:\/\/www.nachdenkseiten.de\/index.php?rest_route=\/wp\/v2\/types\/post"}],"author":[{"embeddable":true,"href":"https:\/\/www.nachdenkseiten.de\/index.php?rest_route=\/wp\/v2\/users\/11"}],"replies":[{"embeddable":true,"href":"https:\/\/www.nachdenkseiten.de\/index.php?rest_route=%2Fwp%2Fv2%2Fcomments&post=90352"}],"version-history":[{"count":5,"href":"https:\/\/www.nachdenkseiten.de\/index.php?rest_route=\/wp\/v2\/posts\/90352\/revisions"}],"predecessor-version":[{"id":90359,"href":"https:\/\/www.nachdenkseiten.de\/index.php?rest_route=\/wp\/v2\/posts\/90352\/revisions\/90359"}],"wp:featuredmedia":[{"embeddable":true,"href":"https:\/\/www.nachdenkseiten.de\/index.php?rest_route=\/wp\/v2\/media\/90355"}],"wp:attachment":[{"href":"https:\/\/www.nachdenkseiten.de\/index.php?rest_route=%2Fwp%2Fv2%2Fmedia&parent=90352"}],"wp:term":[{"taxonomy":"category","embeddable":true,"href":"https:\/\/www.nachdenkseiten.de\/index.php?rest_route=%2Fwp%2Fv2%2Fcategories&post=90352"},{"taxonomy":"post_tag","embeddable":true,"href":"https:\/\/www.nachdenkseiten.de\/index.php?rest_route=%2Fwp%2Fv2%2Ftags&post=90352"}],"curies":[{"name":"wp","href":"https:\/\/api.w.org\/{rel}","templated":true}]}}