{"id":91905,"date":"2022-12-23T09:45:36","date_gmt":"2022-12-23T08:45:36","guid":{"rendered":"https:\/\/www.nachdenkseiten.de\/?p=91905"},"modified":"2023-02-08T07:46:01","modified_gmt":"2023-02-08T06:46:01","slug":"wegen-putschversuch-grosseinsatz-in-brasilien-gegen-bolsonaro-anhaenger-aus-militaer-und-politik","status":"publish","type":"post","link":"https:\/\/www.nachdenkseiten.de\/?p=91905","title":{"rendered":"Wegen Putschversuch: Gro\u00dfeinsatz in Brasilien gegen Bolsonaro-Anh\u00e4nger aus Milit\u00e4r und Politik"},"content":{"rendered":"<p>Die brasilianische Bundespolizei hat landesweit zum Schlag gegen mehr als 100 radikale Anh&auml;nger des abgew&auml;hlten Pr&auml;sidenten Jair Bolsonaro ausgeholt. Diese sollen sich nach dem Wahlsieg des linken Pr&auml;sidentschaftskandidaten Luiz In&aacute;cio Lula da Silva an &ldquo;staatsgef&auml;hrdenden Aktionen&rdquo; wie gewaltsamen Protesten und Stra&szlig;enblocken beteiligt haben. Laut dem Obersten Gerichtshof (STF) wollten sie damit die Verh&auml;ngung des Ausnahmezustands provozieren, um Bolsonaro an der Macht zu halten und den Amtsantritt da Silvas am 1. Januar 2023 zu verhindern. Von <strong>Mario Schenk<\/strong>.<br>\n<!--more--><br>\nIn der landesweiten Operation durchsuchten Polizeikr&auml;fte 103 Wohnungen, beschlagnahmten etliche Waffen, luden Personen zu Vernehmungen vor und nahmen vier Personen wegen des Verdachts der Beteiligung an Umsturzversuchen fest. Zudem entzog die Polizei auf Anordnung des STF mehreren Personen den Waffenschein, blockierte Bankkonten und 168 Profile in sozialen Medien.<\/p><p>Unter den beschuldigten Personen befinden sich Offiziere, Abgeordnete und Politiker aus Bolsonaros Liberaler Partei. Zudem ging die Polizei erneut gegen Unternehmer vor, die eine Fortsetzung der autorit&auml;ren und neoliberalen Regierung von Bolsonaro fordern und die Proteste nach Lulas Wahlsieg mitfinanziert und damit erm&ouml;glicht haben. Sie sollen Busse, Camps und Verpflegung gestellt haben, wie aus der Anklageschrift hervorgeht. Die Blockaden vieler Autobahnen f&uuml;hrten Anfang November teilweise zu Versorgungsengp&auml;ssen im Land.<\/p><p>Bereits Mitte November hatte der Oberste Richter Alexandre de Moraes gegen 43 Unternehmer:innen ein Ermittlungsverfahren er&ouml;ffnet und ihre Verm&ouml;gen eingefroren, die &ldquo;antidemokratischen Akte&rdquo; wie die Blockaden von Autobahnen oder Ausschreitungen <a href=\"https:\/\/amerika21.de\/2022\/11\/261267\/firmen-hinter-blockaden-bolsonaristen\">finanziert<\/a> haben sollen.<\/p><p>Mit dem j&uuml;ngsten Vorgehen wollen die Beh&ouml;rden auch der M&ouml;glichkeit vorbeugen, dass es am Tag des Amtsantritts von Lula am 1. Januar 2023 zu erneuten Ausschreitungen kommt. Bei einer Veranstaltung des Obersten Gerichtshofes am 14. Dezember bekr&auml;ftigte der f&uuml;r die Ermittlungen zust&auml;ndige Richter Moraes, dass es &ldquo;immer noch viele Leute gibt, die festgenommen werden oder Strafe zahlen werden m&uuml;ssen&rdquo;.<\/p><p>Dieser Artikel erschient zuerst auf <a href=\"https:\/\/amerika21.de\/2022\/12\/261762\/polizei-bolsonaro-anhaenger-putschversuch\">Amerika21<\/a>. <\/p><p>Titelbild: shutterstock \/ Christyam de Lima<\/p><div class=\"moreLikeThis\">\n<p><strong>Mehr zum Thema:<\/strong><\/p>\n<p><a href=\"https:\/\/www.nachdenkseiten.de\/?p=89856\">&bdquo;Sch&ouml;nster aller Siege&ldquo; &ndash; Lula da Silva gewinnt knapp Pr&auml;sidentschaftswahl in Brasilien<\/a><\/p>\n<p><a href=\"https:\/\/www.nachdenkseiten.de\/?p=84683\">Brasilien &ndash; Die zivile und milit&auml;rische Offensive zur Wahlsieg-Verhinderung von Lula<\/a><\/p>\n<\/div><p><img loading=\"lazy\" decoding=\"async\" src=\"http:\/\/vg04.met.vgwort.de\/na\/dad41bedadd744d4bc0ea6844ada344f\" width=\"1\" height=\"1\" alt=\"\"><\/p>\n","protected":false},"excerpt":{"rendered":"<p>Die brasilianische Bundespolizei hat landesweit zum Schlag gegen mehr als 100 radikale Anh&auml;nger des abgew&auml;hlten Pr&auml;sidenten Jair Bolsonaro ausgeholt. Diese sollen sich nach dem Wahlsieg des linken Pr&auml;sidentschaftskandidaten Luiz In&aacute;cio Lula da Silva an &ldquo;staatsgef&auml;hrdenden Aktionen&rdquo; wie gewaltsamen Protesten und Stra&szlig;enblocken beteiligt haben. Laut dem Obersten Gerichtshof (STF) wollten sie damit die Verh&auml;ngung des Ausnahmezustands<\/p>\n<div class=\"readMore\"><a class=\"moretag\" href=\"https:\/\/www.nachdenkseiten.de\/?p=91905\">Weiterlesen<\/a><\/div>\n","protected":false},"author":11,"featured_media":91906,"comment_status":"closed","ping_status":"closed","sticky":false,"template":"","format":"standard","meta":{"spay_email":"","footnotes":""},"categories":[126,20],"tags":[2454,1613,663],"class_list":["post-91905","post","type-post","status-publish","format-standard","has-post-thumbnail","hentry","category-erosion-der-demokratie","category-landerberichte","tag-bolsonaro-jair","tag-brasilien","tag-putsch"],"jetpack_featured_media_url":"https:\/\/www.nachdenkseiten.de\/wp-content\/uploads\/2022\/12\/Putsch-Brasilien.jpg","_links":{"self":[{"href":"https:\/\/www.nachdenkseiten.de\/index.php?rest_route=\/wp\/v2\/posts\/91905","targetHints":{"allow":["GET"]}}],"collection":[{"href":"https:\/\/www.nachdenkseiten.de\/index.php?rest_route=\/wp\/v2\/posts"}],"about":[{"href":"https:\/\/www.nachdenkseiten.de\/index.php?rest_route=\/wp\/v2\/types\/post"}],"author":[{"embeddable":true,"href":"https:\/\/www.nachdenkseiten.de\/index.php?rest_route=\/wp\/v2\/users\/11"}],"replies":[{"embeddable":true,"href":"https:\/\/www.nachdenkseiten.de\/index.php?rest_route=%2Fwp%2Fv2%2Fcomments&post=91905"}],"version-history":[{"count":4,"href":"https:\/\/www.nachdenkseiten.de\/index.php?rest_route=\/wp\/v2\/posts\/91905\/revisions"}],"predecessor-version":[{"id":91941,"href":"https:\/\/www.nachdenkseiten.de\/index.php?rest_route=\/wp\/v2\/posts\/91905\/revisions\/91941"}],"wp:featuredmedia":[{"embeddable":true,"href":"https:\/\/www.nachdenkseiten.de\/index.php?rest_route=\/wp\/v2\/media\/91906"}],"wp:attachment":[{"href":"https:\/\/www.nachdenkseiten.de\/index.php?rest_route=%2Fwp%2Fv2%2Fmedia&parent=91905"}],"wp:term":[{"taxonomy":"category","embeddable":true,"href":"https:\/\/www.nachdenkseiten.de\/index.php?rest_route=%2Fwp%2Fv2%2Fcategories&post=91905"},{"taxonomy":"post_tag","embeddable":true,"href":"https:\/\/www.nachdenkseiten.de\/index.php?rest_route=%2Fwp%2Fv2%2Ftags&post=91905"}],"curies":[{"name":"wp","href":"https:\/\/api.w.org\/{rel}","templated":true}]}}