{"id":94759,"date":"2023-03-08T11:41:16","date_gmt":"2023-03-08T10:41:16","guid":{"rendered":"https:\/\/www.nachdenkseiten.de\/?p=94759"},"modified":"2023-03-14T14:04:13","modified_gmt":"2023-03-14T13:04:13","slug":"nord-stream-terror-der-auftritt-der-mutmasslichen-suendenboecke","status":"publish","type":"post","link":"https:\/\/www.nachdenkseiten.de\/?p=94759","title":{"rendered":"Nord-Stream-Terror: Der Auftritt der mutma\u00dflichen S\u00fcndenb\u00f6cke"},"content":{"rendered":"<p>Aufgefundene Reisep&auml;sse, nicht entfernte Spuren von Sprengstoff &ndash; glaubt man aktuellen Berichten, dann wurden die Nord-Stream-Pipelines von einer kleinen Gruppe (pro-)ukrainischer St&uuml;mper ohne Regierungskontakt zerst&ouml;rt. Diese Version ist passend, denn sie entlastet die USA und ihre Verb&uuml;ndeten, die nach W&uuml;rdigung der Indizien, der Motive, der Gelegenheit und der technischen F&auml;higkeit als Hauptverd&auml;chtige des Anschlags zu gelten haben. Gleichzeitig wird in den aktuellen Medienberichten auch eine russische &bdquo;False-Flag-Operation&ldquo; nicht ausgeschlossen &ndash; denn solche  Operationen gelten nur dann als groteske Verschw&ouml;rungstheorien, wenn sie westlichen Geheimdiensten vorgeworfen werden. Ein Kommentar von <strong>Tobias Riegel<\/strong>.<\/p><p><em>Dieser Beitrag ist auch als Audio-Podcast verf&uuml;gbar.<\/em><br>\n<!--more--><br>\n<\/p><div class=\"powerpress_player\" id=\"powerpress_player_9348\"><!--[if lt IE 9]><script>document.createElement('audio');<\/script><![endif]-->\n<audio class=\"wp-audio-shortcode\" id=\"audio-94759-1\" preload=\"none\" style=\"width: 100%;\" controls=\"controls\"><source type=\"audio\/mpeg\" src=\"https:\/\/www.nachdenkseiten.de\/upload\/podcast\/230308_Nord_Stream_Terror_Der_Auftritt_der_mutmasslichen_SuendenboeckeNDS.mp3?_=1\"><\/source><a href=\"https:\/\/www.nachdenkseiten.de\/upload\/podcast\/230308_Nord_Stream_Terror_Der_Auftritt_der_mutmasslichen_SuendenboeckeNDS.mp3\">https:\/\/www.nachdenkseiten.de\/upload\/podcast\/230308_Nord_Stream_Terror_Der_Auftritt_der_mutmasslichen_SuendenboeckeNDS.mp3<\/a><\/audio><\/div><p class=\"powerpress_links powerpress_links_mp3\">Podcast: <a href=\"https:\/\/www.nachdenkseiten.de\/upload\/podcast\/230308_Nord_Stream_Terror_Der_Auftritt_der_mutmasslichen_SuendenboeckeNDS.mp3\" class=\"powerpress_link_pinw\" target=\"_blank\" title=\"Play in new window\" onclick=\"return powerpress_pinw('https:\/\/www.nachdenkseiten.de\/?powerpress_pinw=94759-podcast');\" rel=\"nofollow\">Play in new window<\/a> | <a href=\"https:\/\/www.nachdenkseiten.de\/upload\/podcast\/230308_Nord_Stream_Terror_Der_Auftritt_der_mutmasslichen_SuendenboeckeNDS.mp3\" class=\"powerpress_link_d\" title=\"Download\" rel=\"nofollow\" download=\"230308_Nord_Stream_Terror_Der_Auftritt_der_mutmasslichen_SuendenboeckeNDS.mp3\">Download<\/a><\/p><p><a href=\"https:\/\/www.tagesschau.de\/investigativ\/nord-stream-explosion-101.html\">Laut Medienberichten<\/a> ist nun &bdquo;weitgehend rekonstruiert worden, wie und wann der Sprengstoffanschlag auf die Nord Stream-Pipelines vorbereitet wurde&ldquo;. Demnach f&uuml;hren Spuren in Richtung Ukraine. Allerdings h&auml;tten die Ermittler bislang keine Beweise daf&uuml;r gefunden, wer die Zerst&ouml;rung in Auftrag gegeben hat. Die T&auml;ter scheinen nicht besonders professionell gewesen zu sein. Denn, wie <a href=\"https:\/\/twitter.com\/FWarweg\/status\/1633376286578974723?s=20\">ZDF<\/a> vermeldet:<\/p><blockquote><p>\n&ldquo;Es wurden zwei Reisep&auml;sse gefunden. Die allerdings professionell gef&auml;lscht waren&hellip;&rdquo;\n<\/p><\/blockquote><p>Es kommt noch besser: Laut ARD sei die f&uuml;r den Anschlag genutzte Yacht dem Eigent&uuml;mer im Anschluss in &bdquo;ungereinigtem Zustand&ldquo; zur&uuml;ckgegeben worden: &bdquo;Auf dem Tisch in der Kabine haben die Ermittler den Recherchen zufolge Spuren von Sprengstoff nachweisen k&ouml;nnen.&ldquo; <\/p><p>Die &bdquo;Tagesschau&ldquo; f&uuml;hrt zudem aus, dass es den Ermittlern bislang nicht gelungen sei, herauszufinden, wer die mutma&szlig;liche T&auml;tergruppe beauftragt hat. Dann wird der &ouml;ffentlich-rechtliche Sender verschw&ouml;rerisch: <\/p><blockquote><p>\n&bdquo;In internationalen Sicherheitskreisen wird nicht ausgeschlossen, dass es sich auch um eine &sbquo;False Flag&lsquo;-Operation handeln k&ouml;nne. Das bedeutet, es k&ouml;nnten auch bewusst Spuren gelegt worden sein, die auf die Ukraine als Verursacher hindeuten. Allerdings haben die Ermittler offenbar keine Hinweise gefunden, die ein solches Szenario bekr&auml;ftigen.&ldquo;&nbsp;\n<\/p><\/blockquote><p>Laut &bdquo;New York Times&ldquo; gibt es (selbstverst&auml;ndlich) &bdquo;keine Hinweise auf eine Verwicklung des ukrainischen Pr&auml;sidenten Wolodymir Selenskyj oder seines engen Umfelds, oder dass die T&auml;ter auf Anordnung der ukrainischen Regierung gehandelt h&auml;tten&ldquo;, wie deutsche Medien berichten. Einige Informationen und Kommentare zum Thema hatten wir heute bereits in den <a href=\"https:\/\/www.nachdenkseiten.de\/?p=94745#h01\">Hinweisen des Tages<\/a>. <\/p><p><strong>Aus den &bdquo;staatlichen Akteuren&ldquo; werden pl&ouml;tzlich staatenlose St&uuml;mper<\/strong><\/p><p>Viele Medien greifen die Version von den St&uuml;mpern ohne staatliche Verbindungen nun ohne angemessene starke Skepsis auf und verzichten vorerst darauf, diese Darstellung mit harten Fragen nach der Plausibilit&auml;t zu ersch&uuml;ttern &ndash; ganz anders als bei vielen <a href=\"https:\/\/www.nachdenkseiten.de\/?p=93624\">Medien-Reaktionen auf den Hersh-Bericht<\/a>.<\/p><p>Au&szlig;erdem werden Kriterien der Plausibilit&auml;t zum Teil an das mutma&szlig;liche jeweilige journalistische Ziel angepasst: Hie&szlig; es bisher von offizieller und medialer Seite oft, hinter den Anschl&auml;gen <a href=\"https:\/\/www.linksfraktion.de\/presse\/pressemitteilungen\/detail\/bundesregierung-geht-bei-nord-stream-lecks-von-anschlag-durch-einen-staat-aus\/\">m&uuml;sse ein staatlicher Akteur stecken<\/a>, wird nun &uuml;bergangslos die Theorie der staatenlosen St&uuml;mper freundlich verbreitet. Auff&auml;llig ist momentan au&szlig;erdem, dass Spekulationen um False-Flag-Operationen nicht mehr prinzipiell als &bdquo;Verschw&ouml;rungsmythen&ldquo; verdammt werden, sobald sie ins eigene Konzept passen.  <\/p><p>Noch ein Wort zu der hochtrabenden Formulierung von der &bdquo;gemeinsamen Recherche des <em>ARD-Hauptstadtstudios<\/em>, des <em>ARD-Politikmagazins &sbquo;Kontraste&rsquo;<\/em>, des <em>SWR<\/em> und der <em>&sbquo;ZEIT&lsquo;<\/em>&ldquo;, f&uuml;r die diese Medien &bdquo;mit Quellen in mehreren L&auml;ndern gesprochen&ldquo; h&auml;tten: Wo genau ist hier die Recherche? Der Eindruck kann t&auml;uschen: Aber mir erscheinen die Berichte so, als h&auml;tten die Ermittlungsbeh&ouml;rden entschieden, dass nach dem <a href=\"https:\/\/www.nachdenkseiten.de\/?p=93548\">Hersh-Bericht<\/a> ein weiteres Schweigen zu dem Terroranschlag nicht weiter durchzuhalten sei und dass sie darum (ausgesuchte) Medien von der ab jetzt offiziell vertretenen Version der Ereignisse informiert haben.<\/p><p><strong>Viele Medien dankbar f&uuml;r den Ausweg aus dem &bdquo;Nord-Stream-Dilemma&ldquo;<\/strong><\/p><p>Die nun pr&auml;sentierten Vermutungen haben f&uuml;r die offizielle Linie den Vorteil, dass sie sowohl den allzu unglaubw&uuml;rdigen Pfad verlassen, die Russen verantwortlich zu machen, gleichzeitig aber auch die mit Abstand Hauptverd&auml;chtigen (USA und Verb&uuml;ndete) aus dem Verdacht nehmen. Und nicht mal die ukrainische Regierung wird durch diese Version befleckt, weil sie ja nichts davon wusste. Dem Publikum wird eine nun wenigstens halbwegs glaubw&uuml;rdige Geschichte pr&auml;sentiert &ndash; mutma&szlig;lich, um eine viel glaubw&uuml;rdigere Version zu verdecken? Schlie&szlig;lich gilt es, einen <a href=\"https:\/\/www.nachdenkseiten.de\/?p=88560\">&bdquo;Elefanten im Raum&ldquo;<\/a> zu verstecken. <\/p><p>Da es noch keine handfesten Beweise zu dem Anschlag gibt, verbleiben momentan nur Spekulationen, die sich auf Wahrscheinlichkeiten und die vorhandene Indizienkette st&uuml;tzen m&uuml;ssen &ndash; und diese Kette spricht zun&auml;chst deutlich f&uuml;r die USA als Initiator. Viele Medien scheinen darum nun froh zu sein, dass ihnen endlich ein Ausweg aus dem Nord-Stream-Dilemma angeboten wird, manche nehmen ihn gerne an, etwa die <a href=\"https:\/\/www.bild.de\/politik\/ausland\/politik-ausland\/nord-stream-raetsel-sprengkommando-stach-von-rostock-aus-in-see-83130308.bild.html\">&bdquo;Bild&ldquo;<\/a> wei&szlig; schon, wo &bdquo;das Sprengkommando&ldquo; in See gestochen ist. <\/p><p>Der Blogger Fefe bringt die Vorg&auml;nge <a href=\"https:\/\/blog.fefe.de\/?ts=9af940f8\">hier gut auf den Punkt<\/a>:<\/p><blockquote><p>\n&bdquo;Ich wei&szlig;, was ihr jetzt denkt. Das war bestimmt eine pro-ukrainische Organisation mit Sitz in Langley, Virginia.&ldquo;.\n<\/p><\/blockquote><p><em>Leserbriefe zu diesem Beitrag <a href=\"https:\/\/www.nachdenkseiten.de\/?p=95008\">finden Sie hier<\/a>.<\/em><\/p><p>Titelbild: Lisic \/ Shutterstock<\/p><div class=\"moreLikeThis\">\n<strong>Mehr zum Thema<\/strong>\n<p><a href=\"https:\/\/www.nachdenkseiten.de\/?p=94179\">Jeffrey Sachs&rsquo; Aussage zum Anschlag auf die Nord-Stream-Pipelines vor dem UN-Sicherheitsrat<\/a><\/p>\n<p><a href=\"https:\/\/www.nachdenkseiten.de\/?p=93548\">Der Scoop des Jahres: Reporter-Legende Seymour Hersh macht die USA und Norwegen f&uuml;r die Sprengung der Nord-Stream-Pipelines verantwortlich<\/a><\/p>\n<p>Satire: <a href=\"https:\/\/www.nachdenkseiten.de\/?p=93716\">Seymour Hersh ist widerlegt: Die CIA hat dementiert<\/a><\/p>\n<p><a href=\"https:\/\/www.nachdenkseiten.de\/?p=93624\">From Hero to Zero &ndash; die j&auml;mmerlichen Reaktionen des deutschen Mainstreams auf Seymour Hershs Enth&uuml;llungen. J&auml;mmerliche Medien (7)<\/a><\/p>\n<p><a href=\"https:\/\/www.nachdenkseiten.de\/?p=93595\">Jetzt wird Seymour Hersh&rsquo; s aufsehenerregende Reportage herunter gemacht. J&auml;mmerliche Medien (6)<\/a>\n<\/p><\/div>\n","protected":false},"excerpt":{"rendered":"<p>Aufgefundene Reisep&auml;sse, nicht entfernte Spuren von Sprengstoff &ndash; glaubt man aktuellen Berichten, dann wurden die Nord-Stream-Pipelines von einer kleinen Gruppe (pro-)ukrainischer St&uuml;mper ohne Regierungskontakt zerst&ouml;rt. Diese Version ist passend, denn sie entlastet die USA und ihre Verb&uuml;ndeten, die nach W&uuml;rdigung der Indizien, der Motive, der Gelegenheit und der technischen F&auml;higkeit als Hauptverd&auml;chtige des Anschlags zu<\/p>\n<div class=\"readMore\"><a class=\"moretag\" href=\"https:\/\/www.nachdenkseiten.de\/?p=94759\">Weiterlesen<\/a><\/div>\n","protected":false},"author":14,"featured_media":94761,"comment_status":"closed","ping_status":"closed","sticky":false,"template":"","format":"standard","meta":{"spay_email":"","footnotes":""},"categories":[107,11,166],"tags":[3291,2608,451,260],"class_list":["post-94759","post","type-post","status-publish","format-standard","has-post-thumbnail","hentry","category-audio-podcast","category-strategien-der-meinungsmache","category-terrorismus","tag-anschlag","tag-nord-stream","tag-tagesschau","tag-ukraine"],"jetpack_featured_media_url":"https:\/\/www.nachdenkseiten.de\/wp-content\/uploads\/2023\/03\/shutterstock_1239612946.jpg","_links":{"self":[{"href":"https:\/\/www.nachdenkseiten.de\/index.php?rest_route=\/wp\/v2\/posts\/94759","targetHints":{"allow":["GET"]}}],"collection":[{"href":"https:\/\/www.nachdenkseiten.de\/index.php?rest_route=\/wp\/v2\/posts"}],"about":[{"href":"https:\/\/www.nachdenkseiten.de\/index.php?rest_route=\/wp\/v2\/types\/post"}],"author":[{"embeddable":true,"href":"https:\/\/www.nachdenkseiten.de\/index.php?rest_route=\/wp\/v2\/users\/14"}],"replies":[{"embeddable":true,"href":"https:\/\/www.nachdenkseiten.de\/index.php?rest_route=%2Fwp%2Fv2%2Fcomments&post=94759"}],"version-history":[{"count":8,"href":"https:\/\/www.nachdenkseiten.de\/index.php?rest_route=\/wp\/v2\/posts\/94759\/revisions"}],"predecessor-version":[{"id":95018,"href":"https:\/\/www.nachdenkseiten.de\/index.php?rest_route=\/wp\/v2\/posts\/94759\/revisions\/95018"}],"wp:featuredmedia":[{"embeddable":true,"href":"https:\/\/www.nachdenkseiten.de\/index.php?rest_route=\/wp\/v2\/media\/94761"}],"wp:attachment":[{"href":"https:\/\/www.nachdenkseiten.de\/index.php?rest_route=%2Fwp%2Fv2%2Fmedia&parent=94759"}],"wp:term":[{"taxonomy":"category","embeddable":true,"href":"https:\/\/www.nachdenkseiten.de\/index.php?rest_route=%2Fwp%2Fv2%2Fcategories&post=94759"},{"taxonomy":"post_tag","embeddable":true,"href":"https:\/\/www.nachdenkseiten.de\/index.php?rest_route=%2Fwp%2Fv2%2Ftags&post=94759"}],"curies":[{"name":"wp","href":"https:\/\/api.w.org\/{rel}","templated":true}]}}