{"id":951,"date":"2005-11-20T16:49:24","date_gmt":"2005-11-20T14:49:24","guid":{"rendered":"http:\/\/www.nachdenkseiten.de\/v2\/?p=951"},"modified":"2016-02-28T10:29:02","modified_gmt":"2016-02-28T09:29:02","slug":"joachim-jahnke-funf-grunde-die-gegen-eine-verlangerung-der-lebensarbeitszeit-sprechen","status":"publish","type":"post","link":"https:\/\/www.nachdenkseiten.de\/?p=951","title":{"rendered":"Joachim Jahnke: F\u00fcnf Gr\u00fcnde, die gegen eine Verl\u00e4ngerung der Lebensarbeitszeit sprechen:"},"content":{"rendered":"<ol>\n<li>In Deutschland wird ohnehin mehr als sonst wo (auch f&uuml;rs Alter) gespart. (Dieses Argument ber&uuml;hrt allerdings die Begr&uuml;ndung, dass wegen der &bdquo;&Uuml;beralterung&ldquo; bei einer umlagefinanzierten Altersversicherung l&auml;nger &bdquo;eingezahlt&ldquo; werden m&uuml;sse, nicht direkt.)<\/li>\n<li>Schon heute f&uuml;hlen sich 73% der &uuml;ber 65-j&auml;hrigen chronisch krank.<\/li>\n<li>Die h&ouml;here Lebenserwartung ist nicht gleich verteilt. Menschen im untersten Viertel der Einkommensverteilung haben eine um 4 bzw. 6 Jahre k&uuml;rzere Lebenserwartung.<\/li>\n<li>Die allgemeine Anhebung des Renteneintrittsalters wird die Arbeitslosigkeit erh&ouml;hen.<\/li>\n<li>Die Anhebung des Altersdurchschnitts wirkt sich negativ auf die internationale Wettbewerbsf&auml;higkeit aus.<\/li>\n<\/ol><p>(Anmerkung: Ich teile nicht alle Argumente, dennoch gibt J. Jahnke Denkanst&ouml;&szlig;e.)<\/p><p>Quelle: <a href=\"http:\/\/www.jjahnke.net\/lebensarbeitszeit.html\" title=\"Externer Link zu http:\/\/www.jjahnke.net\/lebensarbeitszeit.html\">www.jjahnke.net<\/a><\/p>\n","protected":false},"excerpt":{"rendered":"<ol>\n<li>In Deutschland wird ohnehin mehr als sonst wo (auch f&uuml;rs Alter) gespart. (Dieses Argument ber&uuml;hrt allerdings die Begr&uuml;ndung, dass wegen der &bdquo;&Uuml;beralterung&ldquo; bei einer umlagefinanzierten Altersversicherung l&auml;nger &bdquo;eingezahlt&ldquo; werden m&uuml;sse, nicht direkt.)<\/li>\n<li>Schon heute f&uuml;hlen sich 73% der &uuml;ber 65-j&auml;hrigen chronisch krank.<\/li>\n<li>Die h&ouml;here Lebenserwartung ist nicht gleich verteilt. Menschen im untersten Viertel der<\/li>\n<\/ol>\n<div class=\"readMore\"><a class=\"moretag\" href=\"https:\/\/www.nachdenkseiten.de\/?p=951\">Weiterlesen<\/a><\/div>\n","protected":false},"author":3,"featured_media":0,"comment_status":"closed","ping_status":"open","sticky":false,"template":"","format":"standard","meta":{"spay_email":"","footnotes":""},"categories":[141,35,39],"tags":[1803,1847,301],"class_list":["post-951","post","type-post","status-publish","format-standard","hentry","category-arbeitsmarkt-und-arbeitsmarktpolitik","category-aufbau-gegenoeffentlichkeit","category-rente","tag-jahnke-joachim","tag-lebensarbeitszeit","tag-rentenalter"],"jetpack_featured_media_url":"","_links":{"self":[{"href":"https:\/\/www.nachdenkseiten.de\/index.php?rest_route=\/wp\/v2\/posts\/951","targetHints":{"allow":["GET"]}}],"collection":[{"href":"https:\/\/www.nachdenkseiten.de\/index.php?rest_route=\/wp\/v2\/posts"}],"about":[{"href":"https:\/\/www.nachdenkseiten.de\/index.php?rest_route=\/wp\/v2\/types\/post"}],"author":[{"embeddable":true,"href":"https:\/\/www.nachdenkseiten.de\/index.php?rest_route=\/wp\/v2\/users\/3"}],"replies":[{"embeddable":true,"href":"https:\/\/www.nachdenkseiten.de\/index.php?rest_route=%2Fwp%2Fv2%2Fcomments&post=951"}],"version-history":[{"count":1,"href":"https:\/\/www.nachdenkseiten.de\/index.php?rest_route=\/wp\/v2\/posts\/951\/revisions"}],"predecessor-version":[{"id":31627,"href":"https:\/\/www.nachdenkseiten.de\/index.php?rest_route=\/wp\/v2\/posts\/951\/revisions\/31627"}],"wp:attachment":[{"href":"https:\/\/www.nachdenkseiten.de\/index.php?rest_route=%2Fwp%2Fv2%2Fmedia&parent=951"}],"wp:term":[{"taxonomy":"category","embeddable":true,"href":"https:\/\/www.nachdenkseiten.de\/index.php?rest_route=%2Fwp%2Fv2%2Fcategories&post=951"},{"taxonomy":"post_tag","embeddable":true,"href":"https:\/\/www.nachdenkseiten.de\/index.php?rest_route=%2Fwp%2Fv2%2Ftags&post=951"}],"curies":[{"name":"wp","href":"https:\/\/api.w.org\/{rel}","templated":true}]}}