{"id":97,"date":"2004-08-10T15:47:51","date_gmt":"2004-08-10T14:47:51","guid":{"rendered":"http:\/\/www.nachdenkseiten.de\/v2\/?p=97"},"modified":"2016-03-29T09:23:21","modified_gmt":"2016-03-29T07:23:21","slug":"respekt-im-zeitalter-der-ungleichheit-eine-soziologische-betrachtung-von-richard-sennet-uber-die-haufig-auser-acht-gelassenen-sozialpsychologischen-wirkungen-des-umbaus-des-sozialstaatesrespe","status":"publish","type":"post","link":"https:\/\/www.nachdenkseiten.de\/?p=97","title":{"rendered":"\u201eRespekt im Zeitalter der Ungleichheit\u201c. Eine soziologische Betrachtung von Richard Sennet \u00fcber die h\u00e4ufig au\u00dfer Acht gelassenen sozialpsychologischen Wirkungen des \u201eUmbaus des Sozialstaates\u201c"},"content":{"rendered":"<p>Die Kritik an den langen Frageb&ouml;gen f&uuml;r die Bezieher von Arbeitslosenhilfe wird von Vielen nicht verstanden. Schlie&szlig;lich m&uuml;ssten doch auch Sozialhilfeempf&auml;nger gegen&uuml;ber den Sozial&auml;mtern Auskunft &uuml;ber ihr Verm&ouml;gen geben, wird von den Bef&uuml;rwortern der Umstellung von der Arbeitslosenhilfe zum Alg 2 entgegen gehalten.<br>\n<!--more--><br>\nWer so argumentiert verkennt, dass es dabei um etwas tiefgreifend anderes geht: Die fr&uuml;heren Arbeitslosenhilfebezieher wurden (vom Staat und meist auch von ihren Mitmenschen) eben nicht wie Sozialhilfeempf&auml;nger behandelt. Auch das Gesetz machte einen Unterschied. Deshalb konnten Langzeitarbeitslose auch neben der Arbeitslosenhilfe auf ihr angespartes Verm&ouml;gen zur&uuml;ckgreifen, brauchten nicht in eine billigere Wohnung umzuziehen oder sie konnten eine erwerbst&auml;tige Ehefrau haben, die nicht pers&ouml;nlich &bdquo;herangezogen&ldquo; wurde. Dass die Kinder oder sonstige Angeh&ouml;rige der &bdquo;Bedarfsgemeinschaft&ldquo; zum Lebensunterhalt beizutragen haben, war in diesem &bdquo;Versicherungssystem&ldquo; gleichfalls nicht vorgesehen.<\/p><p>Die Bezieher von Arbeitslosenhilfe hatten &ndash; ob dies nun von der Finanzierungsquelle her berechtigt war oder nicht &ndash; (jedenfalls &uuml;berwiegend) das Gef&uuml;hl, dass sie eine Leistung in Anspruch nehmen, die auf Grund einer eigenen Vorleistung &ndash; n&auml;mlich ihrer Arbeit und ihren Beitr&auml;gen zur Arbeitslosenversicherung &ndash; (zur&uuml;ck-)erstattet wird und nicht (nur) auf Grund von Bed&uuml;rftigkeit. Mit der Gleichbehandlung der Arbeitslosenhilfe mit der Sozialhilfe wird gewollt oder ungewollt ein Gef&uuml;hl der Abh&auml;ngigkeit erzeugt &ndash; &bdquo;die Schande der Abh&auml;ngigkeit&ldquo;, wie Sennet das nennt, kommt &uuml;ber diese Menschen.<\/p><p>Hat man wirklich dar&uuml;ber nachgedacht, wie es f&uuml;r die Alg 2 &ndash; Bezieher wirken muss, wenn sie f&uuml;r eine (zugewiesene) Arbeit ein oder zwei Euro in der Stunde &bdquo;verdienen&ldquo; d&uuml;rfen? W&uuml;rde man ihnen nicht mehr &bdquo;Respekt&ldquo; entgegenbringen, wenn man diese Arbeit als &bdquo;ehrenamtlich T&auml;tigkeit&ldquo; einstufen und statt eines Hunger-&bdquo;Lohns&ldquo; eine Art &bdquo;Aufwandsentsch&auml;digung&ldquo; bezahlen w&uuml;rde?<\/p><p>&Uuml;ber die Frage der Selbstachtung und die Erhaltung des Selbstbewusstseins (vor allem der im wirtschaftlichen Wettbewerb Benachteiligten) in einer ungleicher werdenden Gesellschaft und dem gegenseitigen Respekt im Umgang zwischen den an den Rand Gedr&auml;ngten und denen, die erfolgreich in der Mitte der Gesellschaft stehen, kurz: Um die Frage, wie soziale Gerechtigkeit oder eine &bdquo;Politik des Respekts&ldquo; im &bdquo;Zeitalter der Ungleichheit&ldquo; aussehen k&ouml;nnte, handelt dieser lesenswerte Essay.<\/p><p>Das Buch ist nicht f&uuml;r Menschen geschrieben, die Zahlen, Daten, Fakten zum Sozialstaat suchen. Die wissenschaftliche Analyse in der Form eines typisch angels&auml;chsischen Essays, hier noch mit einer stark biographischen Komponente versucht die sozialpsychologischen Aspekte etwa von Caritas, F&uuml;rsorge, b&uuml;rokratischer, solidarischer oder ehrenamtlicher Hilfe f&uuml;r Schw&auml;chere darzustellen. <\/p><p>Richard Sennet; Respekt im Zeitalter der Ungleichheit, Berlin Verlag 2002<\/p>\n","protected":false},"excerpt":{"rendered":"<p>Die Kritik an den langen Frageb&ouml;gen f&uuml;r die Bezieher von Arbeitslosenhilfe wird von Vielen nicht verstanden. Schlie&szlig;lich m&uuml;ssten doch auch Sozialhilfeempf&auml;nger gegen&uuml;ber den Sozial&auml;mtern Auskunft &uuml;ber ihr Verm&ouml;gen geben, wird von den Bef&uuml;rwortern der Umstellung von der Arbeitslosenhilfe zum Alg 2 entgegen gehalten.<\/p>\n","protected":false},"author":3,"featured_media":0,"comment_status":"closed","ping_status":"open","sticky":false,"template":"","format":"standard","meta":{"spay_email":"","footnotes":""},"categories":[140,208,161],"tags":[725],"class_list":["post-97","post","type-post","status-publish","format-standard","hentry","category-hartz-gesetze-buergergeld-grundsicherung","category-rezensionen","category-wertedebatte","tag-sennett-richard"],"jetpack_featured_media_url":"","_links":{"self":[{"href":"https:\/\/www.nachdenkseiten.de\/index.php?rest_route=\/wp\/v2\/posts\/97","targetHints":{"allow":["GET"]}}],"collection":[{"href":"https:\/\/www.nachdenkseiten.de\/index.php?rest_route=\/wp\/v2\/posts"}],"about":[{"href":"https:\/\/www.nachdenkseiten.de\/index.php?rest_route=\/wp\/v2\/types\/post"}],"author":[{"embeddable":true,"href":"https:\/\/www.nachdenkseiten.de\/index.php?rest_route=\/wp\/v2\/users\/3"}],"replies":[{"embeddable":true,"href":"https:\/\/www.nachdenkseiten.de\/index.php?rest_route=%2Fwp%2Fv2%2Fcomments&post=97"}],"version-history":[{"count":1,"href":"https:\/\/www.nachdenkseiten.de\/index.php?rest_route=\/wp\/v2\/posts\/97\/revisions"}],"predecessor-version":[{"id":32542,"href":"https:\/\/www.nachdenkseiten.de\/index.php?rest_route=\/wp\/v2\/posts\/97\/revisions\/32542"}],"wp:attachment":[{"href":"https:\/\/www.nachdenkseiten.de\/index.php?rest_route=%2Fwp%2Fv2%2Fmedia&parent=97"}],"wp:term":[{"taxonomy":"category","embeddable":true,"href":"https:\/\/www.nachdenkseiten.de\/index.php?rest_route=%2Fwp%2Fv2%2Fcategories&post=97"},{"taxonomy":"post_tag","embeddable":true,"href":"https:\/\/www.nachdenkseiten.de\/index.php?rest_route=%2Fwp%2Fv2%2Ftags&post=97"}],"curies":[{"name":"wp","href":"https:\/\/api.w.org\/{rel}","templated":true}]}}