{"id":980,"date":"2005-12-07T10:16:38","date_gmt":"2005-12-07T08:16:38","guid":{"rendered":"http:\/\/www.nachdenkseiten.de\/v2\/?p=980"},"modified":"2016-02-23T10:26:34","modified_gmt":"2016-02-23T09:26:34","slug":"imk-hebt-seine-wachstumsprognose-fur-2006-leicht-von-14-auf-17-prozent-an-dennoch-schlechte-aussichten-fur-beschaftigte-und-arbeitslose","status":"publish","type":"post","link":"https:\/\/www.nachdenkseiten.de\/?p=980","title":{"rendered":"IMK hebt seine Wachstumsprognose f\u00fcr 2006 leicht von 1,4 auf 1,7 Prozent an &#8211; dennoch schlechte Aussichten f\u00fcr Besch\u00e4ftigte und Arbeitslose"},"content":{"rendered":"<p>Peter Hohlfeld und Gustav Horn vom Institut f&uuml;r Makro&ouml;konomie und Konjunkturforschung (IMK) sehen in ihrer j&uuml;ngsten Prognose f&uuml;r das kommende Jahr eine zaghafte Aufschwungstendenz (wenn man bei 1,7% Wachstum &uuml;berhaupt schon von &bdquo;Aufschwung&ldquo; sprechen will). Dank einer aufw&auml;rtsgerichteten Weltwirtschaft und einer angesichts sinkender Lohnst&uuml;ckkosten sich weiter verbessernden Wettbewerbsf&auml;higkeit, rechnet das IMK mit einer Zunahme der Ausfuhren um 7 &frac12; %. Entgegen der Absicht der neuen Regierung rege die Fiskalpolitik die Konjunktur nicht an.<br>\n<!--more--><br>\nDer Beitrag des Au&szlig;enhandels werde auch im kommenden Jahr die wichtigste Wachstumsquelle sein. Die Exportnachfrage lasse die Ausr&uuml;stungsinvestitionen leicht um ein Prozent ansteigen. Der Beitrag der Bauinvestitionen zum Wachstum werde nach einem Einbruch zu Beginn des Jahres 2005 im kommenden Jahr bei Null liegen.<br>\nTrotz eines angenommen &bdquo;Vorzieheffektes&ldquo; beim Kauf von langlebigen Investitionsg&uuml;tern aufgrund der f&uuml;r 2007 drohenden kr&auml;ftigen Mehrwertsteuererh&ouml;hung von 3% d&uuml;rfte der private Konsum nicht aus seiner Krise herauskommen und 2006 allenfalls stagnieren, da die Realeinkommen im vierten Jahr in Folge sinken d&uuml;rften.<br>\nDie leichte konjunkturelle Erholung k&ouml;nnte die Zahl der Arbeitslosen allenfalls um 200.000 von 11,1 auf 10,6% zur&uuml;ck gehen lassen.<br>\nTrotz hoher &Ouml;l- und Energiepreise d&uuml;rfte wegen der niedrigen Lohnabschl&uuml;sse die Inflation wieder etwa bei 2% liegen. Trotz eines sog. Investitionsprogramms d&uuml;rften zu den fr&uuml;heren Sparprogrammen von 9 Milliarden aufgrund der von der neuen Regierung beschlossenen weiteren Haushaltskonsolidierungsma&szlig;nahmen noch einmal negative fiskalische Impulse von 1,8 Milliarden Euro ausgehen. Das entspr&auml;che einem negativen Gesamtimpuls von 10,8 Milliarden Euro (oder -0,5% des BIP). Es bleibe die ged&auml;mpfte positive konjunkturelle Aussicht, dass sich die au&szlig;enwirtschaftlichen Erfolge allm&auml;hlich auf die binnenwirtschaftliche Investitionsnachfrage &uuml;bertrage und dass dieser Impuls so stark sein k&ouml;nnte, dass ein geringf&uuml;giges Besch&auml;ftigungswachstum entstehe. Dennoch sei 2006 wegen der schwachen Einkommensentwicklung nicht mit einer &Uuml;berwindung der tiefsten Konsumkrise der Nachkriegszeit zu rechnen. Und genau diese Krise stehe einem nachhaltigen Aufschwung im Wege. Der weiterhin restriktive Kurs in der Fiskalpolitik und die mit der j&uuml;ngsten Leitzinserh&ouml;hung der Europ&auml;ischen Zentralbank signalisierte Zinswende spr&auml;chen nach 2006 sogar gegen eine weitere Fortsetzung eines m&ouml;glichen Aufschwungs. <\/p><p>Quelle: <a href=\"http:\/\/www.boeckler.de\/cps\/rde\/xchg\/SID-3D0AB75D-FADC1AA8\/hbs\/hs.xsl\/31939_37773.html\" title=\"Externer Link zu http:\/\/www.boeckler.de\/cps\/rde\/xchg\/SID-3D0AB75D-FADC1AA8\/hbs\/hs.xsl\/31939_37773.html\">Hans-B&ouml;ckler-Stiftung<\/a><\/p>\n","protected":false},"excerpt":{"rendered":"<p>Peter Hohlfeld und Gustav Horn vom Institut f&uuml;r Makro&ouml;konomie und Konjunkturforschung (IMK) sehen in ihrer j&uuml;ngsten Prognose f&uuml;r das kommende Jahr eine zaghafte Aufschwungstendenz (wenn man bei 1,7% Wachstum &uuml;berhaupt schon von &bdquo;Aufschwung&ldquo; sprechen will). Dank einer aufw&auml;rtsgerichteten Weltwirtschaft und einer angesichts sinkender Lohnst&uuml;ckkosten sich weiter verbessernden Wettbewerbsf&auml;higkeit, rechnet das IMK mit einer Zunahme der<\/p>\n<div class=\"readMore\"><a class=\"moretag\" href=\"https:\/\/www.nachdenkseiten.de\/?p=980\">Weiterlesen<\/a><\/div>\n","protected":false},"author":3,"featured_media":0,"comment_status":"closed","ping_status":"open","sticky":false,"template":"","format":"standard","meta":{"spay_email":"","footnotes":""},"categories":[147,157,30],"tags":[290,380,453,319,333,402],"class_list":["post-980","post","type-post","status-publish","format-standard","hentry","category-arbeitslosgigkeit","category-wettbewerbsfaehigkeit","category-wirtschaftspoliik-und-konjunktur","tag-binnennachfrage","tag-export","tag-hans-boeckler-stiftung","tag-lohnentwicklung","tag-lohnstueckkosten","tag-wachstum"],"jetpack_featured_media_url":"","_links":{"self":[{"href":"https:\/\/www.nachdenkseiten.de\/index.php?rest_route=\/wp\/v2\/posts\/980","targetHints":{"allow":["GET"]}}],"collection":[{"href":"https:\/\/www.nachdenkseiten.de\/index.php?rest_route=\/wp\/v2\/posts"}],"about":[{"href":"https:\/\/www.nachdenkseiten.de\/index.php?rest_route=\/wp\/v2\/types\/post"}],"author":[{"embeddable":true,"href":"https:\/\/www.nachdenkseiten.de\/index.php?rest_route=\/wp\/v2\/users\/3"}],"replies":[{"embeddable":true,"href":"https:\/\/www.nachdenkseiten.de\/index.php?rest_route=%2Fwp%2Fv2%2Fcomments&post=980"}],"version-history":[{"count":1,"href":"https:\/\/www.nachdenkseiten.de\/index.php?rest_route=\/wp\/v2\/posts\/980\/revisions"}],"predecessor-version":[{"id":31526,"href":"https:\/\/www.nachdenkseiten.de\/index.php?rest_route=\/wp\/v2\/posts\/980\/revisions\/31526"}],"wp:attachment":[{"href":"https:\/\/www.nachdenkseiten.de\/index.php?rest_route=%2Fwp%2Fv2%2Fmedia&parent=980"}],"wp:term":[{"taxonomy":"category","embeddable":true,"href":"https:\/\/www.nachdenkseiten.de\/index.php?rest_route=%2Fwp%2Fv2%2Fcategories&post=980"},{"taxonomy":"post_tag","embeddable":true,"href":"https:\/\/www.nachdenkseiten.de\/index.php?rest_route=%2Fwp%2Fv2%2Ftags&post=980"}],"curies":[{"name":"wp","href":"https:\/\/api.w.org\/{rel}","templated":true}]}}